{"id":14141,"date":"2022-09-07T10:51:52","date_gmt":"2022-09-07T08:51:52","guid":{"rendered":"https:\/\/www.savoiaterme.it\/thermalcolours-aktivweiss-gelb-und-rot-zur-einfaerbung-von-thermal-wellness\/"},"modified":"2022-09-07T10:51:53","modified_gmt":"2022-09-07T08:51:53","slug":"thermalcolours-aktivweiss-gelb-und-rot-zur-einfaerbung-von-thermal-wellness","status":"publish","type":"post","link":"https:\/\/www.savoiaterme.it\/de\/thermalcolours-aktivweiss-gelb-und-rot-zur-einfaerbung-von-thermal-wellness\/","title":{"rendered":"ThermalColours: Aktivwei\u00df, Gelb und Rot zur Einf\u00e4rbung von Thermal-Wellness!"},"content":{"rendered":"<div  class=\"grids-section grids-is-advanced alignfull\" style=\"--_gs-gap-desktop:0px 0px;--_gs-m-desktop:0 0 0 0;--_gs-p-desktop:0 0 0 0;--_gs-bg-desktop:transparent none;--_gs-bg-xp-desktop:0px;--_gs-zi-desktop:auto;--_gs-d-desktop:block;--_gs-mw-desktop:calc(100% - 0 - 0);--_gs-gap-tablet:0px 0px;--_gs-m-tablet:0 0 0 0;--_gs-p-tablet:0 0 0 0;--_gs-bg-tablet:transparent none;--_gs-bg-xp-tablet:0px;--_gs-zi-tablet:auto;--_gs-d-tablet:block;--_gs-mw-tablet:calc(100% - 0 - 0);--_gs-gap-mobile:0px 0px;--_gs-m-mobile:0 0 0 0;--_gs-p-mobile:0 0 0 0;--_gs-bg-mobile:transparent none;--_gs-bg-xp-mobile:0px;--_gs-zi-mobile:auto;--_gs-d-mobile:block;--_gs-mw-mobile:calc(100% - 0 - 0);--_gs-columns:12;--_gs-rows:6\"><div class=\"grids-s-w_i\">\n<div class=\"grids-area\" style=\"--_ga-column:2\/12;--_ga-row:1\/7;--_ga-m-desktop:0 0 0 0;--_ga-p-desktop:0 0 0 0;--_ga-bg-desktop:transparent none;--_ga-zi-desktop:auto;--_ga-d-desktop:flex;--_ga-mw-desktop:calc(100% - 0 - 0);--_ga-m-tablet:0 0 0 0;--_ga-p-tablet:0 0 0 0;--_ga-bg-tablet:transparent none;--_ga-zi-tablet:auto;--_ga-d-tablet:flex;--_ga-mw-tablet:calc(100% - 0 - 0);--_ga-m-mobile:0 0 0 0;--_ga-p-mobile:0 0 0 0;--_ga-bg-mobile:transparent none;--_ga-zi-mobile:auto;--_ga-d-mobile:flex;--_ga-mw-mobile:calc(100% - 0 - 0)\">\n\n<h3 class=\"wp-block-heading\">ThermalColours: emotionale Spa-Wellness-Rituale!<\/h3>\n\n\n\n<p>Ein anderer Ansatz f\u00fcr die Welt der Spas.  <br\/>Rituale, bei denen feine Rohstoffe, intensive Aromatherapie und Farbtherapie je nach dem zu behandelnden Ziel kombiniert werden.<\/p>\n\n\n\n<h4 class=\"wp-block-heading\">Wei\u00df zu sch\u00e4len 50&#8242; &#8211; euro 70.00<\/h4>\n\n\n\n<ul class=\"list-services list-services-spa wp-block-list\"><li>Duft: <strong>Myrrhe<\/strong><\/li><li>Funktion: <strong>entgiftend<\/strong><\/li><li>Wirkstoff: Kieselerdeschalen. F\u00f6rdert den Zellumsatz und macht die Haut samtig. Ein ungreifbares Peeling f\u00fcr eine neue Ausstrahlung.<\/li><\/ul>\n\n\n\n<h4 class=\"wp-block-heading\">Schlankheitskur Gelb 50&#8242; &#8211; euro 70.00<\/h4>\n\n\n\n<ul class=\"list-services list-services-spa wp-block-list\"><li>Duft: <strong>Feige<\/strong><\/li><li>Funktion: <strong>Entw\u00e4sserung<\/strong><\/li><li>Wirkstoff: patentierte Thermalalge ETS08, die nur im Euganeischen Thermalbecken vorkommt. Die Kombination von hochkonzentriertem ETS08 mit spezifischen Wirkstoffen f\u00f6rdert die lipolytischen Prozesse und verbessert die Effizienz des Zellstoffwechsels und die Entw\u00e4sserung.<\/li><\/ul>\n\n\n\n<h4 class=\"wp-block-heading\">Rot f\u00fcr eine Aktion 50&#8242; Euro 70,00<\/h4>\n\n\n\n<ul class=\"list-services list-services-spa wp-block-list\"><li>Aroma: <strong>Weintraube<\/strong><\/li><li>Funktion: <strong>Anti-Age-Schutz<\/strong><\/li><li>Wirkstoff: Polyphenole aus Trester von den Euganeischen H\u00fcgeln. Der polyphenolreiche Weinbiofact wirkt, indem er die Haut gegen \u00e4u\u00dfere Angriffe verteidigt.<\/li><\/ul>\n\n\n\n<h4 class=\"wp-block-heading\">Zwei exklusive Produkte vervollst\u00e4ndigen die Linie:<\/h4>\n\n\n\n<ol class=\"wp-block-list\"><li><strong>Massagecreme f\u00fcr den ganzen K\u00f6rper<\/strong>, 500 ml, auf der Basis von Salso-Brom-Jod-Thermalwasser aus dem Euganeischen Thermalbecken und Mikroorganismen, die im europ\u00e4ischen patentierten Euganeischen Schlamm (ETS08) gereift sind, angereichert mit Sheabutter und Sesam\u00f6l. Duftend mit Myrrhe.<\/li><li><strong>Thermalwasserspray<\/strong>, 125 ml, besonders empfehlenswert nach dem Sonnenbad oder dem Schwimmen im Schwimmbad. Seine antioxidativen Eigenschaften wirken den Alterungserscheinungen entgegen, verleihen der Haut Ausstrahlung und n\u00e4hren sie dank der im Euganeischen Schlamm (ETS03) gereiften Mikroorganismen, angereichert mit feuchtigkeitsspendender Hyalurons\u00e4ure. Ein magisches Anti-Ageing-Mittel, das Sie immer bei sich tragen k\u00f6nnen, um Ihrer Haut Spannkraft, Elastizit\u00e4t und Leuchtkraft zur\u00fcckzugeben, und das v\u00f6llig nat\u00fcrlich ist.<\/li><\/ol>\n\n\n\n<div class=\"wp-block-image\"><figure class=\"alignleft size-large is-resized\"><img loading=\"lazy\" decoding=\"async\" src=\"https:\/\/www.savoiaterme.it\/wp-content\/uploads\/2021\/09\/thermal-colours-savoia-terme-spa-1024x640.png\" alt=\"\" class=\"wp-image-3141\" width=\"512\" height=\"320\" srcset=\"https:\/\/www.savoiaterme.it\/wp-content\/uploads\/2021\/09\/thermal-colours-savoia-terme-spa-1024x640.png 1024w, https:\/\/www.savoiaterme.it\/wp-content\/uploads\/2021\/09\/thermal-colours-savoia-terme-spa-300x188.png 300w, https:\/\/www.savoiaterme.it\/wp-content\/uploads\/2021\/09\/thermal-colours-savoia-terme-spa-768x480.png 768w, https:\/\/www.savoiaterme.it\/wp-content\/uploads\/2021\/09\/thermal-colours-savoia-terme-spa.png 1280w\" sizes=\"auto, (max-width: 512px) 100vw, 512px\" \/><\/figure><\/div>\n\n<\/div>\n<\/div><\/div>","protected":false},"excerpt":{"rendered":"","protected":false},"author":1,"featured_media":2540,"comment_status":"open","ping_status":"open","sticky":false,"template":"","format":"standard","meta":{"_acf_changed":false,"advgb_blocks_editor_width":"","advgb_blocks_columns_visual_guide":"","footnotes":""},"categories":[134],"tags":[],"class_list":["post-14141","post","type-post","status-publish","format-standard","has-post-thumbnail","hentry","category-asthetik","entry"],"acf":{"page_custom_gallery":null},"yoast_head":"<!-- This site is optimized with the Yoast SEO plugin v25.7 - https:\/\/yoast.com\/wordpress\/plugins\/seo\/ -->\n<title>ThermalColours: Aktivwei\u00df, Gelb und Rot zur Einf\u00e4rbung von Thermal-Wellness! - Hotel Savoia Therm\u00e6 &amp; Spa<\/title>\n<meta name=\"robots\" content=\"index, follow, max-snippet:-1, max-image-preview:large, max-video-preview:-1\" \/>\n<link rel=\"canonical\" href=\"https:\/\/www.savoiaterme.it\/de\/thermalcolours-aktivweiss-gelb-und-rot-zur-einfaerbung-von-thermal-wellness\/\" \/>\n<meta property=\"og:locale\" content=\"de_DE\" \/>\n<meta property=\"og:type\" content=\"article\" \/>\n<meta property=\"og:title\" content=\"ThermalColours: Aktivwei\u00df, Gelb und Rot zur Einf\u00e4rbung von Thermal-Wellness! - Hotel Savoia Therm\u00e6 &amp; Spa\" \/>\n<meta property=\"og:url\" content=\"https:\/\/www.savoiaterme.it\/de\/thermalcolours-aktivweiss-gelb-und-rot-zur-einfaerbung-von-thermal-wellness\/\" \/>\n<meta property=\"og:site_name\" content=\"Hotel Savoia Therm\u00e6 &amp; Spa\" \/>\n<meta property=\"article:published_time\" content=\"2022-09-07T08:51:52+00:00\" \/>\n<meta property=\"article:modified_time\" content=\"2022-09-07T08:51:53+00:00\" \/>\n<meta property=\"og:image\" content=\"https:\/\/www.savoiaterme.it\/wp-content\/uploads\/2021\/07\/terapie-termali-hotel-savoia-abano-terme-01.jpg\" \/>\n\t<meta property=\"og:image:width\" content=\"1800\" \/>\n\t<meta property=\"og:image:height\" content=\"1200\" \/>\n\t<meta property=\"og:image:type\" content=\"image\/jpeg\" \/>\n<meta name=\"author\" content=\"sav014-t3rm294k\" \/>\n<meta name=\"twitter:card\" content=\"summary_large_image\" \/>\n<meta name=\"twitter:label1\" content=\"Verfasst von\" \/>\n\t<meta name=\"twitter:data1\" content=\"sav014-t3rm294k\" \/>\n\t<meta name=\"twitter:label2\" content=\"Gesch\u00e4tzte Lesezeit\" \/>\n\t<meta name=\"twitter:data2\" content=\"1\u00a0Minute\" \/>\n<script type=\"application\/ld+json\" class=\"yoast-schema-graph\">{\"@context\":\"https:\/\/schema.org\",\"@graph\":[{\"@type\":\"WebPage\",\"@id\":\"https:\/\/www.savoiaterme.it\/de\/thermalcolours-aktivweiss-gelb-und-rot-zur-einfaerbung-von-thermal-wellness\/\",\"url\":\"https:\/\/www.savoiaterme.it\/de\/thermalcolours-aktivweiss-gelb-und-rot-zur-einfaerbung-von-thermal-wellness\/\",\"name\":\"ThermalColours: Aktivwei\u00df, Gelb und Rot zur Einf\u00e4rbung von Thermal-Wellness! - Hotel Savoia Therm\u00e6 &amp; Spa\",\"isPartOf\":{\"@id\":\"https:\/\/www.savoiaterme.it\/de\/#website\"},\"primaryImageOfPage\":{\"@id\":\"https:\/\/www.savoiaterme.it\/de\/thermalcolours-aktivweiss-gelb-und-rot-zur-einfaerbung-von-thermal-wellness\/#primaryimage\"},\"image\":{\"@id\":\"https:\/\/www.savoiaterme.it\/de\/thermalcolours-aktivweiss-gelb-und-rot-zur-einfaerbung-von-thermal-wellness\/#primaryimage\"},\"thumbnailUrl\":\"https:\/\/www.savoiaterme.it\/wp-content\/uploads\/2021\/07\/terapie-termali-hotel-savoia-abano-terme-01.jpg\",\"datePublished\":\"2022-09-07T08:51:52+00:00\",\"dateModified\":\"2022-09-07T08:51:53+00:00\",\"author\":{\"@id\":\"https:\/\/www.savoiaterme.it\/de\/#\/schema\/person\/be4f4af022b2ee712f2bc26d4e16bac2\"},\"breadcrumb\":{\"@id\":\"https:\/\/www.savoiaterme.it\/de\/thermalcolours-aktivweiss-gelb-und-rot-zur-einfaerbung-von-thermal-wellness\/#breadcrumb\"},\"inLanguage\":\"de\",\"potentialAction\":[{\"@type\":\"ReadAction\",\"target\":[\"https:\/\/www.savoiaterme.it\/de\/thermalcolours-aktivweiss-gelb-und-rot-zur-einfaerbung-von-thermal-wellness\/\"]}]},{\"@type\":\"ImageObject\",\"inLanguage\":\"de\",\"@id\":\"https:\/\/www.savoiaterme.it\/de\/thermalcolours-aktivweiss-gelb-und-rot-zur-einfaerbung-von-thermal-wellness\/#primaryimage\",\"url\":\"https:\/\/www.savoiaterme.it\/wp-content\/uploads\/2021\/07\/terapie-termali-hotel-savoia-abano-terme-01.jpg\",\"contentUrl\":\"https:\/\/www.savoiaterme.it\/wp-content\/uploads\/2021\/07\/terapie-termali-hotel-savoia-abano-terme-01.jpg\",\"width\":1800,\"height\":1200},{\"@type\":\"BreadcrumbList\",\"@id\":\"https:\/\/www.savoiaterme.it\/de\/thermalcolours-aktivweiss-gelb-und-rot-zur-einfaerbung-von-thermal-wellness\/#breadcrumb\",\"itemListElement\":[{\"@type\":\"ListItem\",\"position\":1,\"name\":\"\",\"item\":\"https:\/\/www.savoiaterme.it\/de\/\"},{\"@type\":\"ListItem\",\"position\":2,\"name\":\"ThermalColours: Aktivwei\u00df, Gelb und Rot zur Einf\u00e4rbung von Thermal-Wellness!\"}]},{\"@type\":\"WebSite\",\"@id\":\"https:\/\/www.savoiaterme.it\/de\/#website\",\"url\":\"https:\/\/www.savoiaterme.it\/de\/\",\"name\":\"Hotel Savoia Therm\u00e6 &amp; Spa\",\"description\":\"ABANO TERME\",\"potentialAction\":[{\"@type\":\"SearchAction\",\"target\":{\"@type\":\"EntryPoint\",\"urlTemplate\":\"https:\/\/www.savoiaterme.it\/de\/?s={search_term_string}\"},\"query-input\":{\"@type\":\"PropertyValueSpecification\",\"valueRequired\":true,\"valueName\":\"search_term_string\"}}],\"inLanguage\":\"de\"},{\"@type\":\"Person\",\"@id\":\"https:\/\/www.savoiaterme.it\/de\/#\/schema\/person\/be4f4af022b2ee712f2bc26d4e16bac2\",\"name\":\"sav014-t3rm294k\",\"image\":{\"@type\":\"ImageObject\",\"inLanguage\":\"de\",\"@id\":\"https:\/\/www.savoiaterme.it\/de\/#\/schema\/person\/image\/\",\"url\":\"https:\/\/secure.gravatar.com\/avatar\/f66265732b0443d8942455af78594e07cc6ef8c8de5257d61d490f7aa7bb4ee9?s=96&d=mm&r=g\",\"contentUrl\":\"https:\/\/secure.gravatar.com\/avatar\/f66265732b0443d8942455af78594e07cc6ef8c8de5257d61d490f7aa7bb4ee9?s=96&d=mm&r=g\",\"caption\":\"sav014-t3rm294k\"},\"sameAs\":[\"http:\/\/www.savoiaterme.it\"],\"url\":\"https:\/\/www.savoiaterme.it\/de\/author\/sav014-t3rm294k\/\"}]}<\/script>\n<!-- \/ Yoast SEO plugin. -->","yoast_head_json":{"title":"ThermalColours: Aktivwei\u00df, Gelb und Rot zur Einf\u00e4rbung von Thermal-Wellness! - Hotel Savoia Therm\u00e6 &amp; Spa","robots":{"index":"index","follow":"follow","max-snippet":"max-snippet:-1","max-image-preview":"max-image-preview:large","max-video-preview":"max-video-preview:-1"},"canonical":"https:\/\/www.savoiaterme.it\/de\/thermalcolours-aktivweiss-gelb-und-rot-zur-einfaerbung-von-thermal-wellness\/","og_locale":"de_DE","og_type":"article","og_title":"ThermalColours: Aktivwei\u00df, Gelb und Rot zur Einf\u00e4rbung von Thermal-Wellness! - Hotel Savoia Therm\u00e6 &amp; Spa","og_url":"https:\/\/www.savoiaterme.it\/de\/thermalcolours-aktivweiss-gelb-und-rot-zur-einfaerbung-von-thermal-wellness\/","og_site_name":"Hotel Savoia Therm\u00e6 &amp; Spa","article_published_time":"2022-09-07T08:51:52+00:00","article_modified_time":"2022-09-07T08:51:53+00:00","og_image":[{"width":1800,"height":1200,"url":"https:\/\/www.savoiaterme.it\/wp-content\/uploads\/2021\/07\/terapie-termali-hotel-savoia-abano-terme-01.jpg","type":"image\/jpeg"}],"author":"sav014-t3rm294k","twitter_card":"summary_large_image","twitter_misc":{"Verfasst von":"sav014-t3rm294k","Gesch\u00e4tzte Lesezeit":"1\u00a0Minute"},"schema":{"@context":"https:\/\/schema.org","@graph":[{"@type":"WebPage","@id":"https:\/\/www.savoiaterme.it\/de\/thermalcolours-aktivweiss-gelb-und-rot-zur-einfaerbung-von-thermal-wellness\/","url":"https:\/\/www.savoiaterme.it\/de\/thermalcolours-aktivweiss-gelb-und-rot-zur-einfaerbung-von-thermal-wellness\/","name":"ThermalColours: Aktivwei\u00df, Gelb und Rot zur Einf\u00e4rbung von Thermal-Wellness! - Hotel Savoia Therm\u00e6 &amp; Spa","isPartOf":{"@id":"https:\/\/www.savoiaterme.it\/de\/#website"},"primaryImageOfPage":{"@id":"https:\/\/www.savoiaterme.it\/de\/thermalcolours-aktivweiss-gelb-und-rot-zur-einfaerbung-von-thermal-wellness\/#primaryimage"},"image":{"@id":"https:\/\/www.savoiaterme.it\/de\/thermalcolours-aktivweiss-gelb-und-rot-zur-einfaerbung-von-thermal-wellness\/#primaryimage"},"thumbnailUrl":"https:\/\/www.savoiaterme.it\/wp-content\/uploads\/2021\/07\/terapie-termali-hotel-savoia-abano-terme-01.jpg","datePublished":"2022-09-07T08:51:52+00:00","dateModified":"2022-09-07T08:51:53+00:00","author":{"@id":"https:\/\/www.savoiaterme.it\/de\/#\/schema\/person\/be4f4af022b2ee712f2bc26d4e16bac2"},"breadcrumb":{"@id":"https:\/\/www.savoiaterme.it\/de\/thermalcolours-aktivweiss-gelb-und-rot-zur-einfaerbung-von-thermal-wellness\/#breadcrumb"},"inLanguage":"de","potentialAction":[{"@type":"ReadAction","target":["https:\/\/www.savoiaterme.it\/de\/thermalcolours-aktivweiss-gelb-und-rot-zur-einfaerbung-von-thermal-wellness\/"]}]},{"@type":"ImageObject","inLanguage":"de","@id":"https:\/\/www.savoiaterme.it\/de\/thermalcolours-aktivweiss-gelb-und-rot-zur-einfaerbung-von-thermal-wellness\/#primaryimage","url":"https:\/\/www.savoiaterme.it\/wp-content\/uploads\/2021\/07\/terapie-termali-hotel-savoia-abano-terme-01.jpg","contentUrl":"https:\/\/www.savoiaterme.it\/wp-content\/uploads\/2021\/07\/terapie-termali-hotel-savoia-abano-terme-01.jpg","width":1800,"height":1200},{"@type":"BreadcrumbList","@id":"https:\/\/www.savoiaterme.it\/de\/thermalcolours-aktivweiss-gelb-und-rot-zur-einfaerbung-von-thermal-wellness\/#breadcrumb","itemListElement":[{"@type":"ListItem","position":1,"name":"","item":"https:\/\/www.savoiaterme.it\/de\/"},{"@type":"ListItem","position":2,"name":"ThermalColours: Aktivwei\u00df, Gelb und Rot zur Einf\u00e4rbung von Thermal-Wellness!"}]},{"@type":"WebSite","@id":"https:\/\/www.savoiaterme.it\/de\/#website","url":"https:\/\/www.savoiaterme.it\/de\/","name":"Hotel Savoia Therm\u00e6 &amp; Spa","description":"ABANO TERME","potentialAction":[{"@type":"SearchAction","target":{"@type":"EntryPoint","urlTemplate":"https:\/\/www.savoiaterme.it\/de\/?s={search_term_string}"},"query-input":{"@type":"PropertyValueSpecification","valueRequired":true,"valueName":"search_term_string"}}],"inLanguage":"de"},{"@type":"Person","@id":"https:\/\/www.savoiaterme.it\/de\/#\/schema\/person\/be4f4af022b2ee712f2bc26d4e16bac2","name":"sav014-t3rm294k","image":{"@type":"ImageObject","inLanguage":"de","@id":"https:\/\/www.savoiaterme.it\/de\/#\/schema\/person\/image\/","url":"https:\/\/secure.gravatar.com\/avatar\/f66265732b0443d8942455af78594e07cc6ef8c8de5257d61d490f7aa7bb4ee9?s=96&d=mm&r=g","contentUrl":"https:\/\/secure.gravatar.com\/avatar\/f66265732b0443d8942455af78594e07cc6ef8c8de5257d61d490f7aa7bb4ee9?s=96&d=mm&r=g","caption":"sav014-t3rm294k"},"sameAs":["http:\/\/www.savoiaterme.it"],"url":"https:\/\/www.savoiaterme.it\/de\/author\/sav014-t3rm294k\/"}]}},"author_meta":{"display_name":"sav014-t3rm294k","author_link":"https:\/\/www.savoiaterme.it\/de\/author\/sav014-t3rm294k\/"},"featured_img":"https:\/\/www.savoiaterme.it\/wp-content\/uploads\/2021\/07\/terapie-termali-hotel-savoia-abano-terme-01-300x200.jpg","coauthors":[],"tax_additional":{"categories":{"linked":["<a href=\"https:\/\/www.savoiaterme.it\/de\/category\/asthetik\/\" class=\"advgb-post-tax-term\">\u00c4sthetik<\/a>"],"unlinked":["<span class=\"advgb-post-tax-term\">\u00c4sthetik<\/span>"]}},"comment_count":"0","relative_dates":{"created":"Posted 4\u00a0Jahren ago","modified":"Updated 4\u00a0Jahren ago"},"absolute_dates":{"created":"Posted on September 7, 2022","modified":"Updated on September 7, 2022"},"absolute_dates_time":{"created":"Posted on September 7, 2022 10:51 a.m.","modified":"Updated on September 7, 2022 10:51 a.m."},"featured_img_caption":"","series_order":"","_links":{"self":[{"href":"https:\/\/www.savoiaterme.it\/de\/wp-json\/wp\/v2\/posts\/14141","targetHints":{"allow":["GET"]}}],"collection":[{"href":"https:\/\/www.savoiaterme.it\/de\/wp-json\/wp\/v2\/posts"}],"about":[{"href":"https:\/\/www.savoiaterme.it\/de\/wp-json\/wp\/v2\/types\/post"}],"author":[{"embeddable":true,"href":"https:\/\/www.savoiaterme.it\/de\/wp-json\/wp\/v2\/users\/1"}],"replies":[{"embeddable":true,"href":"https:\/\/www.savoiaterme.it\/de\/wp-json\/wp\/v2\/comments?post=14141"}],"version-history":[{"count":0,"href":"https:\/\/www.savoiaterme.it\/de\/wp-json\/wp\/v2\/posts\/14141\/revisions"}],"wp:featuredmedia":[{"embeddable":true,"href":"https:\/\/www.savoiaterme.it\/de\/wp-json\/wp\/v2\/media\/2540"}],"wp:attachment":[{"href":"https:\/\/www.savoiaterme.it\/de\/wp-json\/wp\/v2\/media?parent=14141"}],"wp:term":[{"taxonomy":"category","embeddable":true,"href":"https:\/\/www.savoiaterme.it\/de\/wp-json\/wp\/v2\/categories?post=14141"},{"taxonomy":"post_tag","embeddable":true,"href":"https:\/\/www.savoiaterme.it\/de\/wp-json\/wp\/v2\/tags?post=14141"}],"curies":[{"name":"wp","href":"https:\/\/api.w.org\/{rel}","templated":true}]}}