{"id":14127,"date":"2022-09-07T10:49:46","date_gmt":"2022-09-07T08:49:46","guid":{"rendered":"https:\/\/www.savoiaterme.it\/cristina-bettin-parle-du-virus-corona\/"},"modified":"2022-09-07T11:31:03","modified_gmt":"2022-09-07T09:31:03","slug":"cristina-bettin-parle-du-virus-corona","status":"publish","type":"post","link":"https:\/\/www.savoiaterme.it\/fr\/cristina-bettin-parle-du-virus-corona\/","title":{"rendered":"Cristina Bettin parle du virus Corona"},"content":{"rendered":"<div  class=\"grids-section grids-is-advanced alignfull\" style=\"--_gs-gap-desktop:0px 0px;--_gs-m-desktop:0 0 0 0;--_gs-p-desktop:0 0 0 0;--_gs-bg-desktop:transparent none;--_gs-bg-xp-desktop:0px;--_gs-zi-desktop:auto;--_gs-d-desktop:block;--_gs-mw-desktop:calc(100% - 0 - 0);--_gs-gap-tablet:0px 0px;--_gs-m-tablet:0 0 0 0;--_gs-p-tablet:0 0 0 0;--_gs-bg-tablet:transparent none;--_gs-bg-xp-tablet:0px;--_gs-zi-tablet:auto;--_gs-d-tablet:block;--_gs-mw-tablet:calc(100% - 0 - 0);--_gs-gap-mobile:0px 0px;--_gs-m-mobile:0 0 0 0;--_gs-p-mobile:0 0 0 0;--_gs-bg-mobile:transparent none;--_gs-bg-xp-mobile:0px;--_gs-zi-mobile:auto;--_gs-d-mobile:block;--_gs-mw-mobile:calc(100% - 0 - 0);--_gs-columns:12;--_gs-rows:6\"><div class=\"grids-s-w_i\">\n<div class=\"grids-area\" style=\"--_ga-column:2\/12;--_ga-row:1\/7;--_ga-m-desktop:0 0 0 0;--_ga-p-desktop:0 0 0 0;--_ga-bg-desktop:transparent none;--_ga-zi-desktop:auto;--_ga-d-desktop:flex;--_ga-mw-desktop:calc(100% - 0 - 0);--_ga-m-tablet:0 0 0 0;--_ga-p-tablet:0 0 0 0;--_ga-bg-tablet:transparent none;--_ga-zi-tablet:auto;--_ga-d-tablet:flex;--_ga-mw-tablet:calc(100% - 0 - 0);--_ga-m-mobile:0 0 0 0;--_ga-p-mobile:0 0 0 0;--_ga-bg-mobile:transparent none;--_ga-zi-mobile:auto;--_ga-d-mobile:flex;--_ga-mw-mobile:calc(100% - 0 - 0)\">\n\n<h4 class=\"wp-block-heading\">Le coronavirus est actuellement au centre de toutes les conversations et s&rsquo;immisce avec force dans la vie quotidienne des gens en Europe et dans le monde.  <\/h4>\n\n\n\n<p>Il r\u00e8gne un climat de grande inqui\u00e9tude. Les sympt\u00f4mes du coronavirus sont tr\u00e8s similaires \u00e0 ceux d&rsquo;une grippe \u00ab\u00a0normale\u00a0\u00bb, mais en raison de reportages souvent inexacts qui s\u00e8ment la panique et la terreur, tout le monde semble avoir particuli\u00e8rement peur d&rsquo;une \u00e9ventuelle infection \u00e0 coronavirus.<\/p>\n\n\n<div class=\"wp-block-image\">\n<figure class=\"alignleft size-full is-resized advgb-dyn-40192603\"><img style=\"background-color: #687d69;\" loading=\"lazy\" decoding=\"async\" src=\"https:\/\/www.savoiaterme.it\/wp-content\/uploads\/2021\/08\/cristina.jpg\" alt=\"\" class=\"wp-image-8766\" width=\"441\" height=\"465\" srcset=\"https:\/\/www.savoiaterme.it\/wp-content\/uploads\/2021\/08\/cristina.jpg 588w, https:\/\/www.savoiaterme.it\/wp-content\/uploads\/2021\/08\/cristina-285x300.jpg 285w\" sizes=\"auto, (max-width: 441px) 100vw, 441px\" \/><figcaption>  Cristina Bettin, directrice adjointe de l&rsquo;h\u00f4tel Savoia Thermae &amp; SPA, prend position sur cette question.  <\/figcaption><\/figure><\/div>\n\n\n<h5 class=\"wp-block-heading\"><\/h5>\n\n\n\n<h3 class=\"wp-block-heading\">Quelle est l&rsquo;ambiance \u00e0 l&rsquo;h\u00f4tel Savoia Therma &amp; SPA \u00e0 Abano Terme ?<\/h3>\n\n\n\n<p>L&rsquo;h\u00f4tel est en \u00e9bullition ! Nous nous pr\u00e9parons pour la <strong>grande r\u00e9ouverture<\/strong>. L&rsquo;humeur per\u00e7ue lors des appels t\u00e9l\u00e9phoniques de ceux qui nous contactent est bonne. La plupart des clients ont r\u00e9serv\u00e9 leurs vacances avant l&rsquo;\u00e9pid\u00e9mie de coronavirus en Europe et ne voulaient pas renoncer \u00e0 leurs vacances.<\/p>\n\n\n\n<h3 class=\"wp-block-heading\">Y a-t-il eu des \u00e9tourneaux ?<\/h3>\n\n\n\n<p>Bien s\u00fbr, certaines personnes ont pr\u00e9f\u00e9r\u00e9 annuler leurs vacances parce qu&rsquo;elles avaient peur de la situation. Cependant, nous avons la chance d&rsquo;avoir <strong>90 % de r\u00e9servations de clients r\u00e9guliers<\/strong> qui connaissent notre h\u00f4tel, connaissent Abano Terme et \u00e9valuent la situation de mani\u00e8re r\u00e9aliste et avec bon sens.  <\/p>\n\n\n\n<p>Ces derniers jours, il y a eu beaucoup de <strong>nouvelles r\u00e9servations<\/strong> pour mars, mais aussi pour avril. Nous avons remarqu\u00e9 que de nombreux clients pr\u00e9f\u00e8rent r\u00e9server leurs vacances dans des endroits plus proches de chez eux, plut\u00f4t que de renoncer \u00e0 des destinations plus lointaines en ces temps incertains.<\/p>\n\n\n\n<img loading=\"lazy\" decoding=\"async\" src=\"https:\/\/www.savoiaterme.it\/wp-content\/uploads\/2021\/09\/hotel-savoia-abano-terme.jpg\" alt=\"\" width=\"1000\" height=\"400\">\n\n\n\n<h5 class=\"wp-block-heading\">L&rsquo;h\u00f4tel Savoia Thermae &amp; SPA rouvrira ses portes le 22 mars 2020.<\/h5>\n\n\n\n<h3 class=\"wp-block-heading\">La normalit\u00e9 est-elle de nouveau \u00e0 l&rsquo;ordre du jour ?<\/h3>\n\n\n\n<p>Beaucoup de nos chers h\u00f4tes entrants nous disent qu&rsquo;ils sont fatigu\u00e9s d&rsquo;entendre de mauvaises nouvelles qui ne font que g\u00e9n\u00e9rer une grande panique et une grande terreur. Ils veulent simplement passer des jours de vacances reposants. \u00c0 Abano Terme, c&rsquo;est le retour \u00e0 la normale !<\/p>\n\n\n<div class=\"wp-block-image\">\n<figure class=\"alignleft size-large is-resized advgb-dyn-a04b8807\"><img style=\"background-color: #5c7163;\" loading=\"lazy\" decoding=\"async\" src=\"https:\/\/www.savoiaterme.it\/wp-content\/uploads\/2021\/09\/simone-e-cristina-hotel-savoia-terme-abano-1024x683.jpg\" alt=\"\" class=\"wp-image-1262\" width=\"512\" height=\"342\" srcset=\"https:\/\/www.savoiaterme.it\/wp-content\/uploads\/2021\/09\/simone-e-cristina-hotel-savoia-terme-abano-1024x683.jpg 1024w, https:\/\/www.savoiaterme.it\/wp-content\/uploads\/2021\/09\/simone-e-cristina-hotel-savoia-terme-abano-300x200.jpg 300w, https:\/\/www.savoiaterme.it\/wp-content\/uploads\/2021\/09\/simone-e-cristina-hotel-savoia-terme-abano-768x512.jpg 768w, https:\/\/www.savoiaterme.it\/wp-content\/uploads\/2021\/09\/simone-e-cristina-hotel-savoia-terme-abano-1536x1024.jpg 1536w, https:\/\/www.savoiaterme.it\/wp-content\/uploads\/2021\/09\/simone-e-cristina-hotel-savoia-terme-abano-1568x1045.jpg 1568w, https:\/\/www.savoiaterme.it\/wp-content\/uploads\/2021\/09\/simone-e-cristina-hotel-savoia-terme-abano.jpg 1800w\" sizes=\"auto, (max-width: 512px) 100vw, 512px\" \/><figcaption>La famille Bettin est en contact permanent avec les clients, tout comme l&rsquo;ensemble du personnel.<\/figcaption><\/figure><\/div>\n\n\n<p>Il est particuli\u00e8rement important, par les temps qui courent, d&rsquo;<strong>\u00eatre disponible<\/strong> pour les petites et les grandes pr\u00e9occupations.<\/p>\n\n<\/div>\n<\/div><\/div>","protected":false},"excerpt":{"rendered":"","protected":false},"author":1,"featured_media":14260,"comment_status":"open","ping_status":"open","sticky":false,"template":"","format":"standard","meta":{"_acf_changed":false,"advgb_blocks_editor_width":"","advgb_blocks_columns_visual_guide":"","footnotes":""},"categories":[142],"tags":[],"class_list":["post-14127","post","type-post","status-publish","format-standard","has-post-thumbnail","hentry","category-nouvelles","entry"],"acf":{"page_custom_gallery":null},"yoast_head":"<!-- This site is optimized with the Yoast SEO plugin v25.7 - https:\/\/yoast.com\/wordpress\/plugins\/seo\/ -->\n<title>Cristina Bettin parle du virus Corona - Hotel Savoia Therm\u00e6 &amp; Spa<\/title>\n<meta name=\"robots\" content=\"index, follow, max-snippet:-1, max-image-preview:large, max-video-preview:-1\" \/>\n<link rel=\"canonical\" href=\"https:\/\/www.savoiaterme.it\/fr\/cristina-bettin-parle-du-virus-corona\/\" \/>\n<meta property=\"og:locale\" content=\"fr_FR\" \/>\n<meta property=\"og:type\" content=\"article\" \/>\n<meta property=\"og:title\" content=\"Cristina Bettin parle du virus Corona - Hotel Savoia Therm\u00e6 &amp; Spa\" \/>\n<meta property=\"og:url\" content=\"https:\/\/www.savoiaterme.it\/fr\/cristina-bettin-parle-du-virus-corona\/\" \/>\n<meta property=\"og:site_name\" content=\"Hotel Savoia Therm\u00e6 &amp; Spa\" \/>\n<meta property=\"article:published_time\" content=\"2022-09-07T08:49:46+00:00\" \/>\n<meta property=\"article:modified_time\" content=\"2022-09-07T09:31:03+00:00\" \/>\n<meta property=\"og:image\" content=\"https:\/\/www.savoiaterme.it\/wp-content\/uploads\/2022\/09\/default-banner.jpg.webp\" \/>\n\t<meta property=\"og:image:width\" content=\"1680\" \/>\n\t<meta property=\"og:image:height\" content=\"580\" \/>\n\t<meta property=\"og:image:type\" content=\"image\/webp\" \/>\n<meta name=\"author\" content=\"sav014-t3rm294k\" \/>\n<meta name=\"twitter:card\" content=\"summary_large_image\" \/>\n<meta name=\"twitter:label1\" content=\"\u00c9crit par\" \/>\n\t<meta name=\"twitter:data1\" content=\"sav014-t3rm294k\" \/>\n\t<meta name=\"twitter:label2\" content=\"Dur\u00e9e de lecture estim\u00e9e\" \/>\n\t<meta name=\"twitter:data2\" content=\"3 minutes\" \/>\n<script type=\"application\/ld+json\" class=\"yoast-schema-graph\">{\"@context\":\"https:\/\/schema.org\",\"@graph\":[{\"@type\":\"WebPage\",\"@id\":\"https:\/\/www.savoiaterme.it\/fr\/cristina-bettin-parle-du-virus-corona\/\",\"url\":\"https:\/\/www.savoiaterme.it\/fr\/cristina-bettin-parle-du-virus-corona\/\",\"name\":\"Cristina Bettin parle du virus Corona - Hotel Savoia Therm\u00e6 &amp; Spa\",\"isPartOf\":{\"@id\":\"https:\/\/www.savoiaterme.it\/fr\/#website\"},\"primaryImageOfPage\":{\"@id\":\"https:\/\/www.savoiaterme.it\/fr\/cristina-bettin-parle-du-virus-corona\/#primaryimage\"},\"image\":{\"@id\":\"https:\/\/www.savoiaterme.it\/fr\/cristina-bettin-parle-du-virus-corona\/#primaryimage\"},\"thumbnailUrl\":\"https:\/\/www.savoiaterme.it\/wp-content\/uploads\/2022\/09\/default-banner.jpg.webp\",\"datePublished\":\"2022-09-07T08:49:46+00:00\",\"dateModified\":\"2022-09-07T09:31:03+00:00\",\"author\":{\"@id\":\"https:\/\/www.savoiaterme.it\/fr\/#\/schema\/person\/be4f4af022b2ee712f2bc26d4e16bac2\"},\"breadcrumb\":{\"@id\":\"https:\/\/www.savoiaterme.it\/fr\/cristina-bettin-parle-du-virus-corona\/#breadcrumb\"},\"inLanguage\":\"fr-FR\",\"potentialAction\":[{\"@type\":\"ReadAction\",\"target\":[\"https:\/\/www.savoiaterme.it\/fr\/cristina-bettin-parle-du-virus-corona\/\"]}]},{\"@type\":\"ImageObject\",\"inLanguage\":\"fr-FR\",\"@id\":\"https:\/\/www.savoiaterme.it\/fr\/cristina-bettin-parle-du-virus-corona\/#primaryimage\",\"url\":\"https:\/\/www.savoiaterme.it\/wp-content\/uploads\/2022\/09\/default-banner.jpg.webp\",\"contentUrl\":\"https:\/\/www.savoiaterme.it\/wp-content\/uploads\/2022\/09\/default-banner.jpg.webp\",\"width\":1680,\"height\":580},{\"@type\":\"BreadcrumbList\",\"@id\":\"https:\/\/www.savoiaterme.it\/fr\/cristina-bettin-parle-du-virus-corona\/#breadcrumb\",\"itemListElement\":[{\"@type\":\"ListItem\",\"position\":1,\"name\":\"\",\"item\":\"https:\/\/www.savoiaterme.it\/fr\/\"},{\"@type\":\"ListItem\",\"position\":2,\"name\":\"Cristina Bettin parle du virus Corona\"}]},{\"@type\":\"WebSite\",\"@id\":\"https:\/\/www.savoiaterme.it\/fr\/#website\",\"url\":\"https:\/\/www.savoiaterme.it\/fr\/\",\"name\":\"Hotel Savoia Therm\u00e6 &amp; Spa\",\"description\":\"ABANO TERME\",\"potentialAction\":[{\"@type\":\"SearchAction\",\"target\":{\"@type\":\"EntryPoint\",\"urlTemplate\":\"https:\/\/www.savoiaterme.it\/fr\/?s={search_term_string}\"},\"query-input\":{\"@type\":\"PropertyValueSpecification\",\"valueRequired\":true,\"valueName\":\"search_term_string\"}}],\"inLanguage\":\"fr-FR\"},{\"@type\":\"Person\",\"@id\":\"https:\/\/www.savoiaterme.it\/fr\/#\/schema\/person\/be4f4af022b2ee712f2bc26d4e16bac2\",\"name\":\"sav014-t3rm294k\",\"image\":{\"@type\":\"ImageObject\",\"inLanguage\":\"fr-FR\",\"@id\":\"https:\/\/www.savoiaterme.it\/fr\/#\/schema\/person\/image\/\",\"url\":\"https:\/\/secure.gravatar.com\/avatar\/f66265732b0443d8942455af78594e07cc6ef8c8de5257d61d490f7aa7bb4ee9?s=96&d=mm&r=g\",\"contentUrl\":\"https:\/\/secure.gravatar.com\/avatar\/f66265732b0443d8942455af78594e07cc6ef8c8de5257d61d490f7aa7bb4ee9?s=96&d=mm&r=g\",\"caption\":\"sav014-t3rm294k\"},\"sameAs\":[\"http:\/\/www.savoiaterme.it\"],\"url\":\"https:\/\/www.savoiaterme.it\/fr\/author\/sav014-t3rm294k\/\"}]}<\/script>\n<!-- \/ Yoast SEO plugin. -->","yoast_head_json":{"title":"Cristina Bettin parle du virus Corona - Hotel Savoia Therm\u00e6 &amp; Spa","robots":{"index":"index","follow":"follow","max-snippet":"max-snippet:-1","max-image-preview":"max-image-preview:large","max-video-preview":"max-video-preview:-1"},"canonical":"https:\/\/www.savoiaterme.it\/fr\/cristina-bettin-parle-du-virus-corona\/","og_locale":"fr_FR","og_type":"article","og_title":"Cristina Bettin parle du virus Corona - Hotel Savoia Therm\u00e6 &amp; Spa","og_url":"https:\/\/www.savoiaterme.it\/fr\/cristina-bettin-parle-du-virus-corona\/","og_site_name":"Hotel Savoia Therm\u00e6 &amp; Spa","article_published_time":"2022-09-07T08:49:46+00:00","article_modified_time":"2022-09-07T09:31:03+00:00","og_image":[{"width":1680,"height":580,"url":"https:\/\/www.savoiaterme.it\/wp-content\/uploads\/2022\/09\/default-banner.jpg.webp","type":"image\/webp"}],"author":"sav014-t3rm294k","twitter_card":"summary_large_image","twitter_misc":{"\u00c9crit par":"sav014-t3rm294k","Dur\u00e9e de lecture estim\u00e9e":"3 minutes"},"schema":{"@context":"https:\/\/schema.org","@graph":[{"@type":"WebPage","@id":"https:\/\/www.savoiaterme.it\/fr\/cristina-bettin-parle-du-virus-corona\/","url":"https:\/\/www.savoiaterme.it\/fr\/cristina-bettin-parle-du-virus-corona\/","name":"Cristina Bettin parle du virus Corona - Hotel Savoia Therm\u00e6 &amp; Spa","isPartOf":{"@id":"https:\/\/www.savoiaterme.it\/fr\/#website"},"primaryImageOfPage":{"@id":"https:\/\/www.savoiaterme.it\/fr\/cristina-bettin-parle-du-virus-corona\/#primaryimage"},"image":{"@id":"https:\/\/www.savoiaterme.it\/fr\/cristina-bettin-parle-du-virus-corona\/#primaryimage"},"thumbnailUrl":"https:\/\/www.savoiaterme.it\/wp-content\/uploads\/2022\/09\/default-banner.jpg.webp","datePublished":"2022-09-07T08:49:46+00:00","dateModified":"2022-09-07T09:31:03+00:00","author":{"@id":"https:\/\/www.savoiaterme.it\/fr\/#\/schema\/person\/be4f4af022b2ee712f2bc26d4e16bac2"},"breadcrumb":{"@id":"https:\/\/www.savoiaterme.it\/fr\/cristina-bettin-parle-du-virus-corona\/#breadcrumb"},"inLanguage":"fr-FR","potentialAction":[{"@type":"ReadAction","target":["https:\/\/www.savoiaterme.it\/fr\/cristina-bettin-parle-du-virus-corona\/"]}]},{"@type":"ImageObject","inLanguage":"fr-FR","@id":"https:\/\/www.savoiaterme.it\/fr\/cristina-bettin-parle-du-virus-corona\/#primaryimage","url":"https:\/\/www.savoiaterme.it\/wp-content\/uploads\/2022\/09\/default-banner.jpg.webp","contentUrl":"https:\/\/www.savoiaterme.it\/wp-content\/uploads\/2022\/09\/default-banner.jpg.webp","width":1680,"height":580},{"@type":"BreadcrumbList","@id":"https:\/\/www.savoiaterme.it\/fr\/cristina-bettin-parle-du-virus-corona\/#breadcrumb","itemListElement":[{"@type":"ListItem","position":1,"name":"","item":"https:\/\/www.savoiaterme.it\/fr\/"},{"@type":"ListItem","position":2,"name":"Cristina Bettin parle du virus Corona"}]},{"@type":"WebSite","@id":"https:\/\/www.savoiaterme.it\/fr\/#website","url":"https:\/\/www.savoiaterme.it\/fr\/","name":"Hotel Savoia Therm\u00e6 &amp; Spa","description":"ABANO TERME","potentialAction":[{"@type":"SearchAction","target":{"@type":"EntryPoint","urlTemplate":"https:\/\/www.savoiaterme.it\/fr\/?s={search_term_string}"},"query-input":{"@type":"PropertyValueSpecification","valueRequired":true,"valueName":"search_term_string"}}],"inLanguage":"fr-FR"},{"@type":"Person","@id":"https:\/\/www.savoiaterme.it\/fr\/#\/schema\/person\/be4f4af022b2ee712f2bc26d4e16bac2","name":"sav014-t3rm294k","image":{"@type":"ImageObject","inLanguage":"fr-FR","@id":"https:\/\/www.savoiaterme.it\/fr\/#\/schema\/person\/image\/","url":"https:\/\/secure.gravatar.com\/avatar\/f66265732b0443d8942455af78594e07cc6ef8c8de5257d61d490f7aa7bb4ee9?s=96&d=mm&r=g","contentUrl":"https:\/\/secure.gravatar.com\/avatar\/f66265732b0443d8942455af78594e07cc6ef8c8de5257d61d490f7aa7bb4ee9?s=96&d=mm&r=g","caption":"sav014-t3rm294k"},"sameAs":["http:\/\/www.savoiaterme.it"],"url":"https:\/\/www.savoiaterme.it\/fr\/author\/sav014-t3rm294k\/"}]}},"author_meta":{"display_name":"sav014-t3rm294k","author_link":"https:\/\/www.savoiaterme.it\/fr\/author\/sav014-t3rm294k\/"},"featured_img":"https:\/\/www.savoiaterme.it\/wp-content\/uploads\/2022\/09\/default-banner.jpg-300x104.webp","coauthors":[],"tax_additional":{"categories":{"linked":["<a href=\"https:\/\/www.savoiaterme.it\/fr\/category\/nouvelles\/\" class=\"advgb-post-tax-term\">Nouvelles<\/a>"],"unlinked":["<span class=\"advgb-post-tax-term\">Nouvelles<\/span>"]}},"comment_count":"0","relative_dates":{"created":"Publi\u00e9 4 ans il y a","modified":"Mis \u00e0 jour 4 ans il y a"},"absolute_dates":{"created":"Publi\u00e9 le septembre 7, 2022","modified":"Mise \u00e0 jour le septembre 7, 2022"},"absolute_dates_time":{"created":"Publi\u00e9 le septembre 7, 2022 10:49 am","modified":"Mise \u00e0 jour le septembre 7, 2022 11:31 am"},"featured_img_caption":"","series_order":"","_links":{"self":[{"href":"https:\/\/www.savoiaterme.it\/fr\/wp-json\/wp\/v2\/posts\/14127","targetHints":{"allow":["GET"]}}],"collection":[{"href":"https:\/\/www.savoiaterme.it\/fr\/wp-json\/wp\/v2\/posts"}],"about":[{"href":"https:\/\/www.savoiaterme.it\/fr\/wp-json\/wp\/v2\/types\/post"}],"author":[{"embeddable":true,"href":"https:\/\/www.savoiaterme.it\/fr\/wp-json\/wp\/v2\/users\/1"}],"replies":[{"embeddable":true,"href":"https:\/\/www.savoiaterme.it\/fr\/wp-json\/wp\/v2\/comments?post=14127"}],"version-history":[{"count":0,"href":"https:\/\/www.savoiaterme.it\/fr\/wp-json\/wp\/v2\/posts\/14127\/revisions"}],"wp:featuredmedia":[{"embeddable":true,"href":"https:\/\/www.savoiaterme.it\/fr\/wp-json\/wp\/v2\/media\/14260"}],"wp:attachment":[{"href":"https:\/\/www.savoiaterme.it\/fr\/wp-json\/wp\/v2\/media?parent=14127"}],"wp:term":[{"taxonomy":"category","embeddable":true,"href":"https:\/\/www.savoiaterme.it\/fr\/wp-json\/wp\/v2\/categories?post=14127"},{"taxonomy":"post_tag","embeddable":true,"href":"https:\/\/www.savoiaterme.it\/fr\/wp-json\/wp\/v2\/tags?post=14127"}],"curies":[{"name":"wp","href":"https:\/\/api.w.org\/{rel}","templated":true}]}}