{"id":14145,"date":"2022-09-07T10:52:09","date_gmt":"2022-09-07T08:52:09","guid":{"rendered":"https:\/\/www.savoiaterme.it\/thermalcolours-blanc-jaune-et-rouge-actifs-pour-colorer-le-bien-etre-thermique\/"},"modified":"2022-09-07T10:52:09","modified_gmt":"2022-09-07T08:52:09","slug":"thermalcolours-blanc-jaune-et-rouge-actifs-pour-colorer-le-bien-etre-thermique","status":"publish","type":"post","link":"https:\/\/www.savoiaterme.it\/fr\/thermalcolours-blanc-jaune-et-rouge-actifs-pour-colorer-le-bien-etre-thermique\/","title":{"rendered":"ThermalColours : blanc, jaune et rouge actifs pour colorer le bien-\u00eatre thermique !"},"content":{"rendered":"<div  class=\"grids-section grids-is-advanced alignfull\" style=\"--_gs-gap-desktop:0px 0px;--_gs-m-desktop:0 0 0 0;--_gs-p-desktop:0 0 0 0;--_gs-bg-desktop:transparent none;--_gs-bg-xp-desktop:0px;--_gs-zi-desktop:auto;--_gs-d-desktop:block;--_gs-mw-desktop:calc(100% - 0 - 0);--_gs-gap-tablet:0px 0px;--_gs-m-tablet:0 0 0 0;--_gs-p-tablet:0 0 0 0;--_gs-bg-tablet:transparent none;--_gs-bg-xp-tablet:0px;--_gs-zi-tablet:auto;--_gs-d-tablet:block;--_gs-mw-tablet:calc(100% - 0 - 0);--_gs-gap-mobile:0px 0px;--_gs-m-mobile:0 0 0 0;--_gs-p-mobile:0 0 0 0;--_gs-bg-mobile:transparent none;--_gs-bg-xp-mobile:0px;--_gs-zi-mobile:auto;--_gs-d-mobile:block;--_gs-mw-mobile:calc(100% - 0 - 0);--_gs-columns:12;--_gs-rows:6\"><div class=\"grids-s-w_i\">\n<div class=\"grids-area\" style=\"--_ga-column:2\/12;--_ga-row:1\/7;--_ga-m-desktop:0 0 0 0;--_ga-p-desktop:0 0 0 0;--_ga-bg-desktop:transparent none;--_ga-zi-desktop:auto;--_ga-d-desktop:flex;--_ga-mw-desktop:calc(100% - 0 - 0);--_ga-m-tablet:0 0 0 0;--_ga-p-tablet:0 0 0 0;--_ga-bg-tablet:transparent none;--_ga-zi-tablet:auto;--_ga-d-tablet:flex;--_ga-mw-tablet:calc(100% - 0 - 0);--_ga-m-mobile:0 0 0 0;--_ga-p-mobile:0 0 0 0;--_ga-bg-mobile:transparent none;--_ga-zi-mobile:auto;--_ga-d-mobile:flex;--_ga-mw-mobile:calc(100% - 0 - 0)\">\n\n<h3 class=\"wp-block-heading\">ThermalColours : rituels de bien-\u00eatre thermal \u00e9motionnel !<\/h3>\n\n\n\n<p>Une approche diff\u00e9rente du monde du spa.  <br\/>Des rituels qui m\u00ealent mati\u00e8res premi\u00e8res fines, aromath\u00e9rapie intense et chromoth\u00e9rapie en fonction de la cible \u00e0 traiter.<\/p>\n\n\n\n<h4 class=\"wp-block-heading\">Blanc \u00e0 exfolier 50&prime; &#8211; euro 70.00<\/h4>\n\n\n\n<ul class=\"list-services list-services-spa wp-block-list\"><li>Parfum : <strong>myrrhe<\/strong><\/li><li>Fonction : <strong>d\u00e9toxifiant<\/strong><\/li><li>Ingr\u00e9dient actif : coquilles de silice. Favorise le renouvellement des cellules, rendant la peau velout\u00e9e. Un gommage impalpable pour un nouvel \u00e9clat.<\/li><\/ul>\n\n\n\n<h4 class=\"wp-block-heading\">Jaune amincissant 50&prime; &#8211; euro 70.00<\/h4>\n\n\n\n<ul class=\"list-services list-services-spa wp-block-list\"><li>Parfum : <strong>figue<\/strong><\/li><li>Fonction : <strong>drainer<\/strong><\/li><li>Principe actif : algue thermale brevet\u00e9e ETS08, unique au Bassin Thermal Eugan\u00e9en. La combinaison de l&rsquo;ETS08 hautement concentr\u00e9 avec des substances actives sp\u00e9cifiques renforce les processus lipolytiques, am\u00e9liorant l&rsquo;efficacit\u00e9 du m\u00e9tabolisme cellulaire et le drainage.<\/li><\/ul>\n\n\n\n<h4 class=\"wp-block-heading\">Rouge pour une action 50&prime; euro 70.00<\/h4>\n\n\n\n<ul class=\"list-services list-services-spa wp-block-list\"><li>Ar\u00f4me : <strong>raisin<\/strong><\/li><li>Fonction : <strong>protection anti-\u00e2ge<\/strong><\/li><li>Principe actif : polyph\u00e9nols de marc de raisin des collines eugan\u00e9ennes. Le vin bioliquefact, riche en polyph\u00e9nols, agit en d\u00e9fendant la peau contre les agressions ext\u00e9rieures.<\/li><\/ul>\n\n\n\n<h4 class=\"wp-block-heading\">Deux produits exclusifs compl\u00e8tent la gamme :<\/h4>\n\n\n\n<ol class=\"wp-block-list\"><li><strong>Cr\u00e8me de massage pour tout le corps<\/strong>, 500 ml, \u00e0 base d&rsquo;eau thermale salso-bromo-iod\u00e9e du bassin thermal eugan\u00e9en et de micro-organismes m\u00fbris dans la boue eugan\u00e9enne brevet\u00e9e europ\u00e9enne (ETS08), enrichie de beurre de karit\u00e9 et d&rsquo;huile de s\u00e9same. Parfum\u00e9e \u00e0 la myrrhe.<\/li><li><strong>Spray d&rsquo;eau thermale<\/strong>, 125 ml, particuli\u00e8rement recommand\u00e9 apr\u00e8s un bain de soleil ou une baignade en piscine, ses propri\u00e9t\u00e9s antioxydantes contrecarrent les agents qui provoquent le vieillissement, donnent de l&rsquo;\u00e9clat et nourrissent la peau gr\u00e2ce aux micro-organismes m\u00fbris dans la boue eugan\u00e9enne (ETS03), enrichie en acide hyaluronique hydratant. Une potion magique anti-\u00e2ge, z\u00e9ro kilom\u00e8tre et totalement naturelle, que vous pouvez toujours emporter avec vous pour redonner tonus, \u00e9lasticit\u00e9 et lumi\u00e8re \u00e0 votre peau.<\/li><\/ol>\n\n\n\n<div class=\"wp-block-image\"><figure class=\"alignleft size-large is-resized\"><img loading=\"lazy\" decoding=\"async\" src=\"https:\/\/www.savoiaterme.it\/wp-content\/uploads\/2021\/09\/thermal-colours-savoia-terme-spa-1024x640.png\" alt=\"\" class=\"wp-image-3140\" width=\"512\" height=\"320\" srcset=\"https:\/\/www.savoiaterme.it\/wp-content\/uploads\/2021\/09\/thermal-colours-savoia-terme-spa-1024x640.png 1024w, https:\/\/www.savoiaterme.it\/wp-content\/uploads\/2021\/09\/thermal-colours-savoia-terme-spa-300x188.png 300w, https:\/\/www.savoiaterme.it\/wp-content\/uploads\/2021\/09\/thermal-colours-savoia-terme-spa-768x480.png 768w, https:\/\/www.savoiaterme.it\/wp-content\/uploads\/2021\/09\/thermal-colours-savoia-terme-spa.png 1280w\" sizes=\"auto, (max-width: 512px) 100vw, 512px\" \/><\/figure><\/div>\n\n<\/div>\n<\/div><\/div>","protected":false},"excerpt":{"rendered":"","protected":false},"author":1,"featured_media":2539,"comment_status":"open","ping_status":"open","sticky":false,"template":"","format":"standard","meta":{"_acf_changed":false,"advgb_blocks_editor_width":"","advgb_blocks_columns_visual_guide":"","footnotes":""},"categories":[135],"tags":[],"class_list":["post-14145","post","type-post","status-publish","format-standard","has-post-thumbnail","hentry","category-esthetique","entry"],"acf":{"page_custom_gallery":null},"yoast_head":"<!-- This site is optimized with the Yoast SEO plugin v25.7 - https:\/\/yoast.com\/wordpress\/plugins\/seo\/ -->\n<title>ThermalColours : blanc, jaune et rouge actifs pour colorer le bien-\u00eatre thermique ! - Hotel Savoia Therm\u00e6 &amp; Spa<\/title>\n<meta name=\"robots\" content=\"index, follow, max-snippet:-1, max-image-preview:large, max-video-preview:-1\" \/>\n<link rel=\"canonical\" href=\"https:\/\/www.savoiaterme.it\/fr\/thermalcolours-blanc-jaune-et-rouge-actifs-pour-colorer-le-bien-etre-thermique\/\" \/>\n<meta property=\"og:locale\" content=\"fr_FR\" \/>\n<meta property=\"og:type\" content=\"article\" \/>\n<meta property=\"og:title\" content=\"ThermalColours : blanc, jaune et rouge actifs pour colorer le bien-\u00eatre thermique ! - Hotel Savoia Therm\u00e6 &amp; Spa\" \/>\n<meta property=\"og:url\" content=\"https:\/\/www.savoiaterme.it\/fr\/thermalcolours-blanc-jaune-et-rouge-actifs-pour-colorer-le-bien-etre-thermique\/\" \/>\n<meta property=\"og:site_name\" content=\"Hotel Savoia Therm\u00e6 &amp; Spa\" \/>\n<meta property=\"article:published_time\" content=\"2022-09-07T08:52:09+00:00\" \/>\n<meta property=\"og:image\" content=\"https:\/\/www.savoiaterme.it\/wp-content\/uploads\/2021\/07\/terapie-termali-hotel-savoia-abano-terme-01.jpg\" \/>\n\t<meta property=\"og:image:width\" content=\"1800\" \/>\n\t<meta property=\"og:image:height\" content=\"1200\" \/>\n\t<meta property=\"og:image:type\" content=\"image\/jpeg\" \/>\n<meta name=\"author\" content=\"sav014-t3rm294k\" \/>\n<meta name=\"twitter:card\" content=\"summary_large_image\" \/>\n<meta name=\"twitter:label1\" content=\"\u00c9crit par\" \/>\n\t<meta name=\"twitter:data1\" content=\"sav014-t3rm294k\" \/>\n\t<meta name=\"twitter:label2\" content=\"Dur\u00e9e de lecture estim\u00e9e\" \/>\n\t<meta name=\"twitter:data2\" content=\"1 minute\" \/>\n<script type=\"application\/ld+json\" class=\"yoast-schema-graph\">{\"@context\":\"https:\/\/schema.org\",\"@graph\":[{\"@type\":\"WebPage\",\"@id\":\"https:\/\/www.savoiaterme.it\/fr\/thermalcolours-blanc-jaune-et-rouge-actifs-pour-colorer-le-bien-etre-thermique\/\",\"url\":\"https:\/\/www.savoiaterme.it\/fr\/thermalcolours-blanc-jaune-et-rouge-actifs-pour-colorer-le-bien-etre-thermique\/\",\"name\":\"ThermalColours : blanc, jaune et rouge actifs pour colorer le bien-\u00eatre thermique ! - Hotel Savoia Therm\u00e6 &amp; Spa\",\"isPartOf\":{\"@id\":\"https:\/\/www.savoiaterme.it\/fr\/#website\"},\"primaryImageOfPage\":{\"@id\":\"https:\/\/www.savoiaterme.it\/fr\/thermalcolours-blanc-jaune-et-rouge-actifs-pour-colorer-le-bien-etre-thermique\/#primaryimage\"},\"image\":{\"@id\":\"https:\/\/www.savoiaterme.it\/fr\/thermalcolours-blanc-jaune-et-rouge-actifs-pour-colorer-le-bien-etre-thermique\/#primaryimage\"},\"thumbnailUrl\":\"https:\/\/www.savoiaterme.it\/wp-content\/uploads\/2021\/07\/terapie-termali-hotel-savoia-abano-terme-01.jpg\",\"datePublished\":\"2022-09-07T08:52:09+00:00\",\"author\":{\"@id\":\"https:\/\/www.savoiaterme.it\/fr\/#\/schema\/person\/be4f4af022b2ee712f2bc26d4e16bac2\"},\"breadcrumb\":{\"@id\":\"https:\/\/www.savoiaterme.it\/fr\/thermalcolours-blanc-jaune-et-rouge-actifs-pour-colorer-le-bien-etre-thermique\/#breadcrumb\"},\"inLanguage\":\"fr-FR\",\"potentialAction\":[{\"@type\":\"ReadAction\",\"target\":[\"https:\/\/www.savoiaterme.it\/fr\/thermalcolours-blanc-jaune-et-rouge-actifs-pour-colorer-le-bien-etre-thermique\/\"]}]},{\"@type\":\"ImageObject\",\"inLanguage\":\"fr-FR\",\"@id\":\"https:\/\/www.savoiaterme.it\/fr\/thermalcolours-blanc-jaune-et-rouge-actifs-pour-colorer-le-bien-etre-thermique\/#primaryimage\",\"url\":\"https:\/\/www.savoiaterme.it\/wp-content\/uploads\/2021\/07\/terapie-termali-hotel-savoia-abano-terme-01.jpg\",\"contentUrl\":\"https:\/\/www.savoiaterme.it\/wp-content\/uploads\/2021\/07\/terapie-termali-hotel-savoia-abano-terme-01.jpg\",\"width\":1800,\"height\":1200},{\"@type\":\"BreadcrumbList\",\"@id\":\"https:\/\/www.savoiaterme.it\/fr\/thermalcolours-blanc-jaune-et-rouge-actifs-pour-colorer-le-bien-etre-thermique\/#breadcrumb\",\"itemListElement\":[{\"@type\":\"ListItem\",\"position\":1,\"name\":\"\",\"item\":\"https:\/\/www.savoiaterme.it\/fr\/\"},{\"@type\":\"ListItem\",\"position\":2,\"name\":\"ThermalColours : blanc, jaune et rouge actifs pour colorer le bien-\u00eatre thermique !\"}]},{\"@type\":\"WebSite\",\"@id\":\"https:\/\/www.savoiaterme.it\/fr\/#website\",\"url\":\"https:\/\/www.savoiaterme.it\/fr\/\",\"name\":\"Hotel Savoia Therm\u00e6 &amp; Spa\",\"description\":\"ABANO TERME\",\"potentialAction\":[{\"@type\":\"SearchAction\",\"target\":{\"@type\":\"EntryPoint\",\"urlTemplate\":\"https:\/\/www.savoiaterme.it\/fr\/?s={search_term_string}\"},\"query-input\":{\"@type\":\"PropertyValueSpecification\",\"valueRequired\":true,\"valueName\":\"search_term_string\"}}],\"inLanguage\":\"fr-FR\"},{\"@type\":\"Person\",\"@id\":\"https:\/\/www.savoiaterme.it\/fr\/#\/schema\/person\/be4f4af022b2ee712f2bc26d4e16bac2\",\"name\":\"sav014-t3rm294k\",\"image\":{\"@type\":\"ImageObject\",\"inLanguage\":\"fr-FR\",\"@id\":\"https:\/\/www.savoiaterme.it\/fr\/#\/schema\/person\/image\/\",\"url\":\"https:\/\/secure.gravatar.com\/avatar\/f66265732b0443d8942455af78594e07cc6ef8c8de5257d61d490f7aa7bb4ee9?s=96&d=mm&r=g\",\"contentUrl\":\"https:\/\/secure.gravatar.com\/avatar\/f66265732b0443d8942455af78594e07cc6ef8c8de5257d61d490f7aa7bb4ee9?s=96&d=mm&r=g\",\"caption\":\"sav014-t3rm294k\"},\"sameAs\":[\"http:\/\/www.savoiaterme.it\"],\"url\":\"https:\/\/www.savoiaterme.it\/fr\/author\/sav014-t3rm294k\/\"}]}<\/script>\n<!-- \/ Yoast SEO plugin. -->","yoast_head_json":{"title":"ThermalColours : blanc, jaune et rouge actifs pour colorer le bien-\u00eatre thermique ! - Hotel Savoia Therm\u00e6 &amp; Spa","robots":{"index":"index","follow":"follow","max-snippet":"max-snippet:-1","max-image-preview":"max-image-preview:large","max-video-preview":"max-video-preview:-1"},"canonical":"https:\/\/www.savoiaterme.it\/fr\/thermalcolours-blanc-jaune-et-rouge-actifs-pour-colorer-le-bien-etre-thermique\/","og_locale":"fr_FR","og_type":"article","og_title":"ThermalColours : blanc, jaune et rouge actifs pour colorer le bien-\u00eatre thermique ! - Hotel Savoia Therm\u00e6 &amp; Spa","og_url":"https:\/\/www.savoiaterme.it\/fr\/thermalcolours-blanc-jaune-et-rouge-actifs-pour-colorer-le-bien-etre-thermique\/","og_site_name":"Hotel Savoia Therm\u00e6 &amp; Spa","article_published_time":"2022-09-07T08:52:09+00:00","og_image":[{"width":1800,"height":1200,"url":"https:\/\/www.savoiaterme.it\/wp-content\/uploads\/2021\/07\/terapie-termali-hotel-savoia-abano-terme-01.jpg","type":"image\/jpeg"}],"author":"sav014-t3rm294k","twitter_card":"summary_large_image","twitter_misc":{"\u00c9crit par":"sav014-t3rm294k","Dur\u00e9e de lecture estim\u00e9e":"1 minute"},"schema":{"@context":"https:\/\/schema.org","@graph":[{"@type":"WebPage","@id":"https:\/\/www.savoiaterme.it\/fr\/thermalcolours-blanc-jaune-et-rouge-actifs-pour-colorer-le-bien-etre-thermique\/","url":"https:\/\/www.savoiaterme.it\/fr\/thermalcolours-blanc-jaune-et-rouge-actifs-pour-colorer-le-bien-etre-thermique\/","name":"ThermalColours : blanc, jaune et rouge actifs pour colorer le bien-\u00eatre thermique ! - Hotel Savoia Therm\u00e6 &amp; Spa","isPartOf":{"@id":"https:\/\/www.savoiaterme.it\/fr\/#website"},"primaryImageOfPage":{"@id":"https:\/\/www.savoiaterme.it\/fr\/thermalcolours-blanc-jaune-et-rouge-actifs-pour-colorer-le-bien-etre-thermique\/#primaryimage"},"image":{"@id":"https:\/\/www.savoiaterme.it\/fr\/thermalcolours-blanc-jaune-et-rouge-actifs-pour-colorer-le-bien-etre-thermique\/#primaryimage"},"thumbnailUrl":"https:\/\/www.savoiaterme.it\/wp-content\/uploads\/2021\/07\/terapie-termali-hotel-savoia-abano-terme-01.jpg","datePublished":"2022-09-07T08:52:09+00:00","author":{"@id":"https:\/\/www.savoiaterme.it\/fr\/#\/schema\/person\/be4f4af022b2ee712f2bc26d4e16bac2"},"breadcrumb":{"@id":"https:\/\/www.savoiaterme.it\/fr\/thermalcolours-blanc-jaune-et-rouge-actifs-pour-colorer-le-bien-etre-thermique\/#breadcrumb"},"inLanguage":"fr-FR","potentialAction":[{"@type":"ReadAction","target":["https:\/\/www.savoiaterme.it\/fr\/thermalcolours-blanc-jaune-et-rouge-actifs-pour-colorer-le-bien-etre-thermique\/"]}]},{"@type":"ImageObject","inLanguage":"fr-FR","@id":"https:\/\/www.savoiaterme.it\/fr\/thermalcolours-blanc-jaune-et-rouge-actifs-pour-colorer-le-bien-etre-thermique\/#primaryimage","url":"https:\/\/www.savoiaterme.it\/wp-content\/uploads\/2021\/07\/terapie-termali-hotel-savoia-abano-terme-01.jpg","contentUrl":"https:\/\/www.savoiaterme.it\/wp-content\/uploads\/2021\/07\/terapie-termali-hotel-savoia-abano-terme-01.jpg","width":1800,"height":1200},{"@type":"BreadcrumbList","@id":"https:\/\/www.savoiaterme.it\/fr\/thermalcolours-blanc-jaune-et-rouge-actifs-pour-colorer-le-bien-etre-thermique\/#breadcrumb","itemListElement":[{"@type":"ListItem","position":1,"name":"","item":"https:\/\/www.savoiaterme.it\/fr\/"},{"@type":"ListItem","position":2,"name":"ThermalColours : blanc, jaune et rouge actifs pour colorer le bien-\u00eatre thermique !"}]},{"@type":"WebSite","@id":"https:\/\/www.savoiaterme.it\/fr\/#website","url":"https:\/\/www.savoiaterme.it\/fr\/","name":"Hotel Savoia Therm\u00e6 &amp; Spa","description":"ABANO TERME","potentialAction":[{"@type":"SearchAction","target":{"@type":"EntryPoint","urlTemplate":"https:\/\/www.savoiaterme.it\/fr\/?s={search_term_string}"},"query-input":{"@type":"PropertyValueSpecification","valueRequired":true,"valueName":"search_term_string"}}],"inLanguage":"fr-FR"},{"@type":"Person","@id":"https:\/\/www.savoiaterme.it\/fr\/#\/schema\/person\/be4f4af022b2ee712f2bc26d4e16bac2","name":"sav014-t3rm294k","image":{"@type":"ImageObject","inLanguage":"fr-FR","@id":"https:\/\/www.savoiaterme.it\/fr\/#\/schema\/person\/image\/","url":"https:\/\/secure.gravatar.com\/avatar\/f66265732b0443d8942455af78594e07cc6ef8c8de5257d61d490f7aa7bb4ee9?s=96&d=mm&r=g","contentUrl":"https:\/\/secure.gravatar.com\/avatar\/f66265732b0443d8942455af78594e07cc6ef8c8de5257d61d490f7aa7bb4ee9?s=96&d=mm&r=g","caption":"sav014-t3rm294k"},"sameAs":["http:\/\/www.savoiaterme.it"],"url":"https:\/\/www.savoiaterme.it\/fr\/author\/sav014-t3rm294k\/"}]}},"author_meta":{"display_name":"sav014-t3rm294k","author_link":"https:\/\/www.savoiaterme.it\/fr\/author\/sav014-t3rm294k\/"},"featured_img":"https:\/\/www.savoiaterme.it\/wp-content\/uploads\/2021\/07\/terapie-termali-hotel-savoia-abano-terme-01-300x200.jpg","coauthors":[],"tax_additional":{"categories":{"linked":["<a href=\"https:\/\/www.savoiaterme.it\/fr\/category\/esthetique\/\" class=\"advgb-post-tax-term\">Esth\u00e9tique<\/a>"],"unlinked":["<span class=\"advgb-post-tax-term\">Esth\u00e9tique<\/span>"]}},"comment_count":"0","relative_dates":{"created":"Publi\u00e9 4 ans il y a","modified":"Mis \u00e0 jour 4 ans il y a"},"absolute_dates":{"created":"Publi\u00e9 le septembre 7, 2022","modified":"Mise \u00e0 jour le septembre 7, 2022"},"absolute_dates_time":{"created":"Publi\u00e9 le septembre 7, 2022 10:52 am","modified":"Mise \u00e0 jour le septembre 7, 2022 10:52 am"},"featured_img_caption":"","series_order":"","_links":{"self":[{"href":"https:\/\/www.savoiaterme.it\/fr\/wp-json\/wp\/v2\/posts\/14145","targetHints":{"allow":["GET"]}}],"collection":[{"href":"https:\/\/www.savoiaterme.it\/fr\/wp-json\/wp\/v2\/posts"}],"about":[{"href":"https:\/\/www.savoiaterme.it\/fr\/wp-json\/wp\/v2\/types\/post"}],"author":[{"embeddable":true,"href":"https:\/\/www.savoiaterme.it\/fr\/wp-json\/wp\/v2\/users\/1"}],"replies":[{"embeddable":true,"href":"https:\/\/www.savoiaterme.it\/fr\/wp-json\/wp\/v2\/comments?post=14145"}],"version-history":[{"count":0,"href":"https:\/\/www.savoiaterme.it\/fr\/wp-json\/wp\/v2\/posts\/14145\/revisions"}],"wp:featuredmedia":[{"embeddable":true,"href":"https:\/\/www.savoiaterme.it\/fr\/wp-json\/wp\/v2\/media\/2539"}],"wp:attachment":[{"href":"https:\/\/www.savoiaterme.it\/fr\/wp-json\/wp\/v2\/media?parent=14145"}],"wp:term":[{"taxonomy":"category","embeddable":true,"href":"https:\/\/www.savoiaterme.it\/fr\/wp-json\/wp\/v2\/categories?post=14145"},{"taxonomy":"post_tag","embeddable":true,"href":"https:\/\/www.savoiaterme.it\/fr\/wp-json\/wp\/v2\/tags?post=14145"}],"curies":[{"name":"wp","href":"https:\/\/api.w.org\/{rel}","templated":true}]}}