{"id":33199,"date":"2026-01-27T10:14:18","date_gmt":"2026-01-27T09:14:18","guid":{"rendered":"https:\/\/www.savoiaterme.it\/pasqua-2026\/"},"modified":"2026-03-09T08:38:50","modified_gmt":"2026-03-09T07:38:50","slug":"paques-2026","status":"publish","type":"post","link":"https:\/\/www.savoiaterme.it\/fr\/paques-2026\/","title":{"rendered":"P\u00c2QUES 2026"},"content":{"rendered":"<div  class=\"grids-section grids-is-advanced alignfull\" style=\"--_gs-gap-desktop:0px 0px;--_gs-m-desktop:0 0 0 0;--_gs-p-desktop:0 0 0 0;--_gs-bg-desktop:transparent none;--_gs-bg-xp-desktop:0px;--_gs-zi-desktop:auto;--_gs-d-desktop:block;--_gs-mw-desktop:calc(100% - 0 - 0);--_gs-gap-tablet:0px 0px;--_gs-m-tablet:0 0 0 0;--_gs-p-tablet:0 0 0 0;--_gs-bg-tablet:transparent none;--_gs-bg-xp-tablet:0px;--_gs-zi-tablet:auto;--_gs-d-tablet:block;--_gs-mw-tablet:calc(100% - 0 - 0);--_gs-gap-mobile:0px 0px;--_gs-m-mobile:0px 0 20px 0;--_gs-p-mobile:0 20px 0 20px;--_gs-bg-mobile:transparent none;--_gs-bg-xp-mobile:0px;--_gs-zi-mobile:auto;--_gs-d-mobile:block;--_gs-mw-mobile:calc(100% - 0 - 0);--_gs-columns:12;--_gs-rows:6\"><div class=\"grids-s-w_i\">\n<div class=\"grids-area\" style=\"--_ga-column:2\/7;--_ga-row:1\/7;--_ga-va:center;--_ga-m-desktop:0 20px 0 0;--_ga-p-desktop:0 0 0 0;--_ga-bg-desktop:transparent none;--_ga-zi-desktop:auto;--_ga-d-desktop:flex;--_ga-mw-desktop:calc(100% - 0 - 20px);--_ga-m-tablet:0 20px 0 0;--_ga-p-tablet:0 0 0 0;--_ga-bg-tablet:transparent none;--_ga-zi-tablet:auto;--_ga-d-tablet:flex;--_ga-mw-tablet:calc(100% - 0 - 20px);--_ga-m-mobile:0 20px 0 0;--_ga-p-mobile:0 0 20px 0;--_ga-bg-mobile:transparent none;--_ga-zi-mobile:auto;--_ga-d-mobile:flex;--_ga-mw-mobile:calc(100% - 0 - 20px)\">\n\n<h2 class=\"wp-block-heading\" id=\"piscina-interna-calda\">Laissez-vous choyer<\/h2>\n\n\n\n<h4 class=\"wp-block-heading\">Bienvenue au Printemps, Bienvenue \u00e0 P\u00e2ques ! \ud83c\udf38<\/h4>\n\n\n\n<p>Avec l\u2019arriv\u00e9e de la belle saison, offrez-vous un s\u00e9jour de pure d\u00e9tente et de bien-\u00eatre au c\u0153ur des eaux thermales chaudes. D\u00e9couvrez notre programme sp\u00e9cial pour les f\u00eates de P\u00e2ques, <br>valable du <strong>vendredi 3 avril<\/strong> au <strong>dimanche 5 avril 2026<\/strong>.<br><br><em>*Le programme peut \u00eatre sujet \u00e0 des modifications.<\/em><\/p>\n\n\n\n<div class=\"wp-block-buttons is-layout-flex wp-block-buttons-is-layout-flex\">\n<div class=\"wp-block-button\"><a class=\"wp-block-button__link wp-element-button\" href=\"#programma\">D\u00c9COUVREZ LE PROGRAMME DES F\u00caTES<\/a><\/div>\n<\/div>\n\n<\/div>\n\n<div class=\"grids-area\" style=\"--_ga-column:7\/12;--_ga-row:1\/7;--_ga-va:center;--_ga-m-desktop:0 0 0 20px;--_ga-p-desktop:0 0 0 0;--_ga-bg-desktop:transparent none;--_ga-zi-desktop:auto;--_ga-d-desktop:flex;--_ga-mw-desktop:calc(100% - 20px - 0);--_ga-m-tablet:0 0 0 20px;--_ga-p-tablet:0 0 0 0;--_ga-bg-tablet:transparent none;--_ga-zi-tablet:auto;--_ga-d-tablet:flex;--_ga-mw-tablet:calc(100% - 20px - 0);--_ga-m-mobile:0 0 0 0px;--_ga-p-mobile:0 0 0 0;--_ga-bg-mobile:transparent none;--_ga-zi-mobile:auto;--_ga-d-mobile:flex;--_ga-mw-mobile:calc(100% - 0px - 0)\">\n\n    <div class=\"custom-gallery-wrapper\">\n                <span class=\"enable-fullscreen\" onclick=\"showHideFotorama('custom-gallery_1', 0);\">\n            <i class=\"far fa-expand\"><\/i>\n        <\/span>\n                            <figure class=\"full-width gallery-wrapper-image gallery-wrapper-image-0\" onclick=\"showHideFotorama('custom-gallery_1', 0);\" style=\"background-color: #563a4c;\">\n                <img decoding=\"async\" class=\"gallery-wrapper-image-small\" src=\"https:\/\/www.savoiaterme.it\/wp-content\/uploads\/2025\/02\/immagine-pasqua-savoia-3.webp\">\n            <\/figure>\n                                <figure class=\"full-width gallery-wrapper-image gallery-wrapper-image-1\" onclick=\"showHideFotorama('custom-gallery_1', 1);\" style=\"background-color: #6e4e5d;\">\n                <img decoding=\"async\" class=\"gallery-wrapper-image-small\" src=\"https:\/\/www.savoiaterme.it\/wp-content\/uploads\/2025\/02\/immagine-pasqua-savoia-2.webp\">\n            <\/figure>\n                                <figure class=\"full-width gallery-wrapper-image gallery-wrapper-image-2\" onclick=\"showHideFotorama('custom-gallery_1', 2);\" style=\"background-color: #715867;\">\n                <img decoding=\"async\" class=\"gallery-wrapper-image-small\" src=\"https:\/\/www.savoiaterme.it\/wp-content\/uploads\/2025\/02\/immagine-pasqua-savoia-1.webp\">\n            <\/figure>\n                        <\/div>\n\n    <div style=\"width:1px;height:1px;position:absolute;\" name=\"fotorama\" id=\"custom-gallery_1\" class=\"fotorama\" data-width=\"100%\"  data-nav=\"thumbs\"  data-allowfullscreen=\"true\" >\n                    <img decoding=\"async\" src=\"https:\/\/www.savoiaterme.it\/wp-content\/uploads\/2025\/02\/immagine-pasqua-savoia-3.webp\" class=\"attachment-full skip-lazy\" \/>\n                    <img decoding=\"async\" src=\"https:\/\/www.savoiaterme.it\/wp-content\/uploads\/2025\/02\/immagine-pasqua-savoia-2.webp\" class=\"attachment-full skip-lazy\" \/>\n                    <img decoding=\"async\" src=\"https:\/\/www.savoiaterme.it\/wp-content\/uploads\/2025\/02\/immagine-pasqua-savoia-1.webp\" class=\"attachment-full skip-lazy\" \/>\n            <\/div>\n\n\n\n<\/div>\n<\/div><\/div>\n\n<div  class=\"grids-section grids-is-advanced alignfull\" style=\"--_gs-gap-desktop:0px 0px;--_gs-m-desktop:30px 0 30px 0;--_gs-p-desktop:30px 0 30px 0;--_gs-bg-desktop:#f3ebf2 none;--_gs-bg-xp-desktop:0px;--_gs-zi-desktop:auto;--_gs-d-desktop:block;--_gs-mw-desktop:calc(100% - 0 - 0);--_gs-gap-tablet:0px 0px;--_gs-m-tablet:30px 0 30px 0;--_gs-p-tablet:30px 0 30px 0;--_gs-bg-tablet:#f3ebf2 none;--_gs-bg-xp-tablet:0px;--_gs-zi-tablet:auto;--_gs-d-tablet:block;--_gs-mw-tablet:calc(100% - 0 - 0);--_gs-gap-mobile:0px 0px;--_gs-m-mobile:20px 0 20px 0;--_gs-p-mobile:30px 20px 30px 20px;--_gs-bg-mobile:#f3ebf2 none;--_gs-bg-xp-mobile:0px;--_gs-zi-mobile:auto;--_gs-d-mobile:block;--_gs-mw-mobile:calc(100% - 0 - 0);--_gs-columns:12;--_gs-rows:6\"><div class=\"grids-s-w_i\">\n<div class=\"grids-area\" style=\"--_ga-column:4\/10;--_ga-row:1\/7;--_ga-va:center;--_ga-m-desktop:0 0 0 0;--_ga-p-desktop:0 0 0 0;--_ga-bg-desktop:transparent none;--_ga-zi-desktop:auto;--_ga-d-desktop:flex;--_ga-mw-desktop:calc(100% - 0 - 0);--_ga-m-tablet:0 0 0 0;--_ga-p-tablet:0 0 0 0;--_ga-bg-tablet:transparent none;--_ga-zi-tablet:auto;--_ga-d-tablet:flex;--_ga-mw-tablet:calc(100% - 0 - 0);--_ga-m-mobile:20px 0 20px 0;--_ga-p-mobile:0 0 0 0;--_ga-bg-mobile:transparent none;--_ga-zi-mobile:auto;--_ga-d-mobile:flex;--_ga-mw-mobile:calc(100% - 0 - 0)\">\n\n<h3 class=\"wp-block-heading has-text-align-center\"><strong>P\u00e2ques de D\u00e9tente aux Thermes \ud83c\udf38<\/strong><\/h3>\n\n\n\n<p class=\"has-text-align-center\">D\u00e9tendez-vous dans les <strong>piscines thermales<\/strong>, savourez les plaisirs de la <strong>tradition pascale<\/strong> et accordez-vous un s\u00e9jour d\u00e9di\u00e9 au bien-\u00eatre du corps et de l\u2019esprit, dans l\u2019atmosph\u00e8re chaleureuse et accueillante de l\u2019<strong>Hotel Savoia Therm\u00e6 &amp; SPA<\/strong>.<\/p>\n\n\n<div  class=\"grids-section grids-is-advanced\" style=\"--_gs-gap-desktop:0px 0px;--_gs-m-desktop:0 0 0 0;--_gs-p-desktop:0 0 0 0;--_gs-bg-desktop:transparent none;--_gs-bg-xp-desktop:0px;--_gs-zi-desktop:auto;--_gs-d-desktop:block;--_gs-mw-desktop:calc(100% - 0 - 0);--_gs-gap-tablet:0px 0px;--_gs-m-tablet:0 0 0 0;--_gs-p-tablet:0 0 0 0;--_gs-bg-tablet:transparent none;--_gs-bg-xp-tablet:0px;--_gs-zi-tablet:auto;--_gs-d-tablet:block;--_gs-mw-tablet:calc(100% - 0 - 0);--_gs-gap-mobile:0px 0px;--_gs-m-mobile:0 0 0 0;--_gs-p-mobile:0 0 0 0;--_gs-bg-mobile:transparent none;--_gs-bg-xp-mobile:0px;--_gs-zi-mobile:auto;--_gs-d-mobile:block;--_gs-mw-mobile:calc(100% - 0 - 0);--_gs-columns:12;--_gs-rows:6\"><div class=\"grids-s-w_i\">\n<div class=\"grids-area\" style=\"--_ga-column:1\/13;--_ga-row:1\/7;--_ga-m-desktop:0 0 0 0;--_ga-p-desktop:0 0 0 0;--_ga-bg-desktop:transparent none;--_ga-zi-desktop:auto;--_ga-d-desktop:flex;--_ga-mw-desktop:calc(100% - 0 - 0);--_ga-m-tablet:0 0 0 0;--_ga-p-tablet:0 0 0 0;--_ga-bg-tablet:transparent none;--_ga-zi-tablet:auto;--_ga-d-tablet:flex;--_ga-mw-tablet:calc(100% - 0 - 0);--_ga-m-mobile:0 0 0 0;--_ga-p-mobile:0 0 0 0;--_ga-bg-mobile:transparent none;--_ga-zi-mobile:auto;--_ga-d-mobile:flex;--_ga-mw-mobile:calc(100% - 0 - 0)\">\n\n<a href=\"https:\/\/www.savoiaterme.it\/fr\/offrir\/paques-2026\/\" class=\"btn btn-center broken_link\" target=\"_blank\" rel=\"noopener\">R\u00c9SERVEZ MAINTENANT<\/a>\n\n<\/div>\n<\/div><\/div>\n<\/div>\n\n<div class=\"grids-area\" style=\"--_ga-column:2\/4;--_ga-row:3\/5;--_ga-m-desktop:0 0 0 0;--_ga-p-desktop:0 0 0 0;--_ga-bg-desktop:transparent none;--_ga-zi-desktop:auto;--_ga-d-desktop:flex;--_ga-mw-desktop:calc(100% - 0 - 0);--_ga-m-tablet:0 0 0 0;--_ga-p-tablet:0 0 0 0;--_ga-bg-tablet:transparent none;--_ga-zi-tablet:auto;--_ga-d-tablet:none;--_ga-mw-tablet:calc(100% - 0 - 0);--_ga-m-mobile:0 0 0 0;--_ga-p-mobile:0 0 0 0;--_ga-bg-mobile:transparent none;--_ga-zi-mobile:auto;--_ga-d-mobile:none;--_ga-mw-mobile:calc(100% - 0 - 0)\">\n\n<div style=\"text-align: center;\">\n<script src=\"https:\/\/cdn.lordicon.com\/lordicon.js\"><\/script>\n<lord-icon src=\"https:\/\/cdn.lordicon.com\/lmukodkg.json\" trigger=\"loop\" colors=\"primary:#6D3E78,secondary:#6D3E78\" style=\"width:150px;height:150px\">\n<\/lord-icon>\n<\/div>\n\n<\/div>\n\n<div class=\"grids-area\" style=\"--_ga-column:10\/12;--_ga-row:3\/5;--_ga-m-desktop:0 0 0 0;--_ga-p-desktop:0 0 0 0;--_ga-bg-desktop:transparent none;--_ga-zi-desktop:auto;--_ga-d-desktop:flex;--_ga-mw-desktop:calc(100% - 0 - 0);--_ga-m-tablet:0 0 0 0;--_ga-p-tablet:0 0 0 0;--_ga-bg-tablet:transparent none;--_ga-zi-tablet:auto;--_ga-d-tablet:none;--_ga-mw-tablet:calc(100% - 0 - 0);--_ga-m-mobile:0 0 0 0;--_ga-p-mobile:0 0 0 0;--_ga-bg-mobile:transparent none;--_ga-zi-mobile:auto;--_ga-d-mobile:none;--_ga-mw-mobile:calc(100% - 0 - 0)\">\n\n<div style=\"text-align: center;\">\n<script src=\"https:\/\/cdn.lordicon.com\/lordicon.js\"><\/script>\n<lord-icon src=\"https:\/\/cdn.lordicon.com\/lmukodkg.json\" trigger=\"loop\" colors=\"primary:#6D3E78,secondary:#6D3E78\" style=\"width:150px;height:150px\">\n<\/lord-icon>\n<\/div>\n\n<\/div>\n<\/div><\/div>\n\n<div  id=\"programma\" class=\"grids-section grids-is-advanced\" style=\"--_gs-gap-desktop:0px 0px;--_gs-m-desktop:30px 0 30px 0;--_gs-p-desktop:0 0 0 0;--_gs-bg-desktop:transparent none;--_gs-bg-xp-desktop:0px;--_gs-zi-desktop:auto;--_gs-d-desktop:block;--_gs-mw-desktop:calc(100% - 0 - 0);--_gs-gap-tablet:0px 0px;--_gs-m-tablet:30px 0 30px 0;--_gs-p-tablet:0 0 0 0;--_gs-bg-tablet:transparent none;--_gs-bg-xp-tablet:0px;--_gs-zi-tablet:auto;--_gs-d-tablet:block;--_gs-mw-tablet:calc(100% - 0 - 0);--_gs-gap-mobile:0px 0px;--_gs-m-mobile:30px 0 30px 0;--_gs-p-mobile:0 20px 0 20px;--_gs-bg-mobile:transparent none;--_gs-bg-xp-mobile:0px;--_gs-zi-mobile:auto;--_gs-d-mobile:block;--_gs-mw-mobile:calc(100% - 0 - 0);--_gs-columns:12;--_gs-rows:6\"><div class=\"grids-s-w_i\">\n<div class=\"grids-area\" style=\"--_ga-column:2\/12;--_ga-row:1\/2;--_ga-m-desktop:0 0 15px 0;--_ga-p-desktop:0 0 0 0;--_ga-bg-desktop:transparent none;--_ga-zi-desktop:auto;--_ga-d-desktop:flex;--_ga-mw-desktop:calc(100% - 0 - 0);--_ga-m-tablet:0 0 15px 0;--_ga-p-tablet:0 0 0 0;--_ga-bg-tablet:transparent none;--_ga-zi-tablet:auto;--_ga-d-tablet:flex;--_ga-mw-tablet:calc(100% - 0 - 0);--_ga-m-mobile:0 0 15px 0;--_ga-p-mobile:0 0 0 0;--_ga-bg-mobile:transparent none;--_ga-zi-mobile:auto;--_ga-d-mobile:flex;--_ga-mw-mobile:calc(100% - 0 - 0)\">\n\n<h2 class=\"wp-block-heading\"><strong>L\u2019attente de P\u00e2ques, entre musique et atmosph\u00e8re<\/strong><\/h2>\n\n\n\n<p>Le week-end pr\u00e9c\u00e9dant P\u00e2ques est une <strong>invitation \u00e0 ralentir et \u00e0 savourer le plaisir du temps retrouv\u00e9<\/strong>. <br>Entre musique live, moments de convivialit\u00e9 et un d\u00eener de la Veille envelopp\u00e9 d\u2019une atmosph\u00e8re romantique, le vendredi et le samedi deviennent l\u2019occasion parfaite pour entrer dans le <strong>climat des f\u00eates<\/strong>, en se laissant porter par des <strong>\u00e9motions l\u00e9g\u00e8res et authentiques<\/strong>.<\/p>\n\n<\/div>\n\n<div class=\"grids-area\" style=\"--_ga-column:2\/7;--_ga-row:2\/5;--_ga-m-desktop:0 0 0 0;--_ga-p-desktop:15px 15px 15px 30px;--_ga-bg-desktop:#f7ebf5 none;--_ga-zi-desktop:auto;--_ga-d-desktop:flex;--_ga-mw-desktop:calc(100% - 0 - 0);--_ga-m-tablet:0 0 0 0;--_ga-p-tablet:15px 15px 15px 30px;--_ga-bg-tablet:#f7ebf5 none;--_ga-zi-tablet:auto;--_ga-d-tablet:flex;--_ga-mw-tablet:calc(100% - 0 - 0);--_ga-m-mobile:0 0 0 0;--_ga-p-mobile:15px 15px 15px 15px;--_ga-bg-mobile:#f7ebf5 none;--_ga-zi-mobile:auto;--_ga-d-mobile:flex;--_ga-mw-mobile:calc(100% - 0 - 0)\">\n\n<h3 class=\"wp-block-heading\"><strong>VENDREDI SAINT<\/strong><\/h3>\n\n\n\n<p><strong>Vendredi 3 avril 2026<\/strong><br><br><strong>21h00<\/strong> \u2013 Live &amp; Dance Music au bar \u00ab The Club \u00bb<\/p>\n\n<\/div>\n\n<div class=\"grids-area\" style=\"--_ga-column:7\/12;--_ga-row:2\/5;--_ga-m-desktop:0 0 0 0;--_ga-p-desktop:15px 30px 15px 15px;--_ga-bg-desktop:#f7ebf5 none;--_ga-zi-desktop:auto;--_ga-d-desktop:flex;--_ga-mw-desktop:calc(100% - 0 - 0);--_ga-m-tablet:0 0 0 0;--_ga-p-tablet:15px 30px 15px 15px;--_ga-bg-tablet:#f7ebf5 none;--_ga-zi-tablet:auto;--_ga-d-tablet:flex;--_ga-mw-tablet:calc(100% - 0 - 0);--_ga-m-mobile:0 0 0 0;--_ga-p-mobile:15px 15px 15px 15px;--_ga-bg-mobile:#f7ebf5 none;--_ga-zi-mobile:auto;--_ga-d-mobile:flex;--_ga-mw-mobile:calc(100% - 0 - 0)\">\n\n<h3 class=\"wp-block-heading\"><strong>SAMEDI SAINT<\/strong><\/h3>\n\n\n\n<p><strong><strong>Samedi 4 avril 2026<\/strong><\/strong><br><br><strong>19h30<\/strong> \u2013 D\u00eener de la Veille de P\u00e2ques dans notre restaurant \u00ab Il Savoiardo \u00bb, avec une atmosph\u00e8re romantique aux chandelles et musique de piano<\/p>\n\n<\/div>\n<\/div><\/div>\n\n<div  class=\"grids-section grids-is-advanced\" style=\"--_gs-gap-desktop:0px 0px;--_gs-m-desktop:30px 0 30px 0;--_gs-p-desktop:0 0 0 0;--_gs-bg-desktop:transparent none;--_gs-bg-xp-desktop:0px;--_gs-zi-desktop:auto;--_gs-d-desktop:block;--_gs-mw-desktop:calc(100% - 0 - 0);--_gs-gap-tablet:0px 0px;--_gs-m-tablet:30px 0 30px 0;--_gs-p-tablet:0 0 0 0;--_gs-bg-tablet:transparent none;--_gs-bg-xp-tablet:0px;--_gs-zi-tablet:auto;--_gs-d-tablet:block;--_gs-mw-tablet:calc(100% - 0 - 0);--_gs-gap-mobile:0px 0px;--_gs-m-mobile:30px 0 30px 0;--_gs-p-mobile:0 20px 0 20px;--_gs-bg-mobile:transparent none;--_gs-bg-xp-mobile:0px;--_gs-zi-mobile:auto;--_gs-d-mobile:block;--_gs-mw-mobile:calc(100% - 0 - 0);--_gs-columns:12;--_gs-rows:6\"><div class=\"grids-s-w_i\">\n<div class=\"grids-area\" style=\"--_ga-column:2\/12;--_ga-row:1\/2;--_ga-m-desktop:0 0 15px 0;--_ga-p-desktop:0 0 0 0;--_ga-bg-desktop:transparent none;--_ga-zi-desktop:auto;--_ga-d-desktop:flex;--_ga-mw-desktop:calc(100% - 0 - 0);--_ga-m-tablet:0 0 15px 0;--_ga-p-tablet:0 0 0 0;--_ga-bg-tablet:transparent none;--_ga-zi-tablet:auto;--_ga-d-tablet:flex;--_ga-mw-tablet:calc(100% - 0 - 0);--_ga-m-mobile:0 0 15px 0;--_ga-p-mobile:0 0 0 0;--_ga-bg-mobile:transparent none;--_ga-zi-mobile:auto;--_ga-d-mobile:flex;--_ga-mw-mobile:calc(100% - 0 - 0)\">\n\n<h2 class=\"wp-block-heading\"><strong>P\u00e2ques : le c\u0153ur de la f\u00eate<\/strong><\/h2>\n\n\n\n<p><strong>Le dimanche de P\u00e2ques<\/strong> est le moment o\u00f9 la f\u00eate prend vie. <br>Une succession de traditions, de saveurs et de musique accompagne la journ\u00e9e, de l\u2019ap\u00e9ritif de P\u00e2ques au d\u00e9jeuner convivial, jusqu\u2019\u00e0 la soir\u00e9e anim\u00e9e par de la musique live. Une exp\u00e9rience pens\u00e9e pour vivre pleinement l\u2019<strong>esprit pascal<\/strong>, entre gourmandise, joie et partage.<\/p>\n\n<\/div>\n\n<div class=\"grids-area\" style=\"--_ga-column:2\/7;--_ga-row:2\/5;--_ga-m-desktop:0 0 0 0;--_ga-p-desktop:15px 15px 15px 30px;--_ga-bg-desktop:#f7ebf5 none;--_ga-zi-desktop:auto;--_ga-d-desktop:flex;--_ga-mw-desktop:calc(100% - 0 - 0);--_ga-m-tablet:0 0 0 0;--_ga-p-tablet:15px 15px 15px 30px;--_ga-bg-tablet:#f7ebf5 none;--_ga-zi-tablet:auto;--_ga-d-tablet:flex;--_ga-mw-tablet:calc(100% - 0 - 0);--_ga-m-mobile:0 0 0 0;--_ga-p-mobile:15px 15px 15px 15px;--_ga-bg-mobile:#f7ebf5 none;--_ga-zi-mobile:auto;--_ga-d-mobile:flex;--_ga-mw-mobile:calc(100% - 0 - 0)\">\n\n<h3 class=\"wp-block-heading\"><strong><strong>P\u00c2QUES<\/strong><\/strong><\/h3>\n\n\n\n<p><strong>Dimanche 5 avril 2026<\/strong><br><strong><br>12h00<\/strong> \u2013 Ouverture des festivit\u00e9s de P\u00e2ques avec le traditionnel Ap\u00e9ritif de P\u00e2ques servi dans notre bar \u00ab The Club \u00bb <br><em>(pour les h\u00f4tes s\u00e9journant en pension compl\u00e8te)<\/em><br><br><strong>12h30<\/strong> \u2013 Poursuite avec le traditionnel d\u00e9jeuner de P\u00e2ques, suivi d\u2019un buffet final de desserts artisanaux typiques de P\u00e2ques<br><br><strong>21h00<\/strong> \u2013 Live &amp; Dance Music au bar \u00ab The Club \u00bb<\/p>\n\n\n\n<div class=\"wp-block-buttons bottone-natale is-layout-flex wp-block-buttons-is-layout-flex\">\n<div class=\"wp-block-button bottone-natale\"><a class=\"wp-block-button__link wp-element-button\" href=\"https:\/\/www.savoiaterme.it\/fr\/menu-de-paques-2026\/\">D\u00c9COUVREZ LE MENU<\/a><\/div>\n<\/div>\n\n\n<div  class=\"grids-section grids-is-stretch\" style=\"--_gs-gap-desktop:0px 0px;--_gs-m-desktop:0 0 0 0;--_gs-p-desktop:0 0 0 0;--_gs-bg-desktop:transparent none;--_gs-bg-xp-desktop:0px;--_gs-zi-desktop:auto;--_gs-d-desktop:none;--_gs-mw-desktop:calc(100% - 0 - 0);--_gs-gap-tablet:0px 0px;--_gs-m-tablet:0 0 0 0;--_gs-p-tablet:0 0 0 0;--_gs-bg-tablet:transparent none;--_gs-bg-xp-tablet:0px;--_gs-zi-tablet:auto;--_gs-d-tablet:none;--_gs-mw-tablet:calc(100% - 0 - 0);--_gs-gap-mobile:0px 0px;--_gs-m-mobile:0 0 0 0;--_gs-p-mobile:0 0 0 0;--_gs-bg-mobile:transparent none;--_gs-bg-xp-mobile:0px;--_gs-zi-mobile:auto;--_gs-d-mobile:none;--_gs-mw-mobile:calc(100% - 0 - 0);--_gs-columns:1;--_gs-rows:1\"><div class=\"grids-s-w_i\">\n<div class=\"grids-area\" style=\"--_ga-column:1\/2;--_ga-row:1\/2;--_ga-m-desktop:0 0 0 0;--_ga-p-desktop:0 0 0 0;--_ga-bg-desktop:transparent none;--_ga-zi-desktop:auto;--_ga-d-desktop:flex;--_ga-mw-desktop:calc(100% - 0 - 0);--_ga-m-tablet:0 0 0 0;--_ga-p-tablet:0 0 0 0;--_ga-bg-tablet:transparent none;--_ga-zi-tablet:auto;--_ga-d-tablet:flex;--_ga-mw-tablet:calc(100% - 0 - 0);--_ga-m-mobile:0 0 0 0;--_ga-p-mobile:0 0 0 0;--_ga-bg-mobile:transparent none;--_ga-zi-mobile:auto;--_ga-d-mobile:flex;--_ga-mw-mobile:calc(100% - 0 - 0)\"><\/div>\n<\/div><\/div>\n<\/div>\n\n<div class=\"grids-area\" style=\"--_ga-column:7\/12;--_ga-row:2\/5;--_ga-va:center;--_ga-m-desktop:0 0 0 0;--_ga-p-desktop:15px 30px 15px 15px;--_ga-bg-desktop:#f7ebf5 none;--_ga-zi-desktop:auto;--_ga-d-desktop:flex;--_ga-mw-desktop:calc(100% - 0 - 0);--_ga-m-tablet:0 0 0 0;--_ga-p-tablet:15px 30px 15px 15px;--_ga-bg-tablet:#f7ebf5 none;--_ga-zi-tablet:auto;--_ga-d-tablet:flex;--_ga-mw-tablet:calc(100% - 0 - 0);--_ga-m-mobile:0 0 0 0;--_ga-p-mobile:15px 15px 15px 15px;--_ga-bg-mobile:#f7ebf5 none;--_ga-zi-mobile:auto;--_ga-d-mobile:flex;--_ga-mw-mobile:calc(100% - 0 - 0)\">\n\n<div style=\"text-align: center;\">\n<script src=\"https:\/\/cdn.lordicon.com\/lordicon.js\"><\/script>\n<lord-icon src=\"https:\/\/cdn.lordicon.com\/lmcbtkfm.json\" trigger=\"loop\" colors=\"primary:#6D3E78,secondary:#ca96d6\" style=\"width:250px;height:250px\">\n<\/lord-icon>\n<\/div>\n\n<\/div>\n<\/div><\/div>\n\n<div  class=\"grids-section image-boxed-blur-background grids-is-advanced alignfull\" style=\"--_gs-gap-desktop:0px 0px;--_gs-m-desktop:0 0 0 0;--_gs-p-desktop:30px 0 30px 0;--_gs-bg-desktop:transparent url(https:\/\/www.savoiaterme.it\/wp-content\/uploads\/2024\/02\/camere-hotel-savoia-2023-15.jpg) no-repeat 50% 50%  \/ cover;--_gs-bg-xp-desktop:0px;--_gs-zi-desktop:auto;--_gs-d-desktop:block;--_gs-mw-desktop:calc(100% - 0 - 0);--_gs-gap-tablet:0px 0px;--_gs-m-tablet:0 0 0 0;--_gs-p-tablet:30px 0 30px 0;--_gs-bg-tablet:transparent url(https:\/\/www.savoiaterme.it\/wp-content\/uploads\/2024\/02\/camere-hotel-savoia-2023-15.jpg) no-repeat 50% 50%  \/ cover;--_gs-bg-xp-tablet:0px;--_gs-zi-tablet:auto;--_gs-d-tablet:block;--_gs-mw-tablet:calc(100% - 0 - 0);--_gs-gap-mobile:0px 0px;--_gs-m-mobile:0 0 0 0;--_gs-p-mobile:30px 0 30px 0;--_gs-bg-mobile:transparent url(https:\/\/www.savoiaterme.it\/wp-content\/uploads\/2024\/02\/camere-hotel-savoia-2023-15.jpg) no-repeat 50% 50%  \/ cover;--_gs-bg-xp-mobile:0px;--_gs-zi-mobile:auto;--_gs-d-mobile:block;--_gs-mw-mobile:calc(100% - 0 - 0);--_gs-columns:12;--_gs-rows:6\"><div class=\"grids-s-w_i\">\n<div class=\"grids-area\" style=\"--_ga-column:5\/9;--_ga-row:1\/4;--_ga-m-desktop:0 0 0 0;--_ga-p-desktop:0 0 0 0;--_ga-bg-desktop:transparent none;--_ga-zi-desktop:auto;--_ga-d-desktop:flex;--_ga-mw-desktop:calc(100% - 0 - 0);--_ga-m-tablet:0 0 0 0;--_ga-p-tablet:0 0 0 0;--_ga-bg-tablet:transparent none;--_ga-zi-tablet:auto;--_ga-d-tablet:flex;--_ga-mw-tablet:calc(100% - 0 - 0);--_ga-m-mobile:0 0 0 0;--_ga-p-mobile:0 20px 0 20px;--_ga-bg-mobile:transparent none;--_ga-zi-mobile:auto;--_ga-d-mobile:flex;--_ga-mw-mobile:calc(100% - 0 - 0)\">\n\n<h2 class=\"wp-block-heading has-text-align-center\">R\u00e9servez d\u00e8s maintenant : les disponibilit\u00e9s sont limit\u00e9es !<\/h2>\n\n\n\n<p>Cr\u00e9ez votre <strong>devis en ligne<\/strong> en indiquant les dates de votre s\u00e9jour ! R\u00e9servez directement sur notre site internet <a href=\"https:\/\/www.simplebooking.it\/ibe2\/hotel\/5688\/offer\/87564?lang=FR&amp;cur=EUR\" target=\"_blank\" rel=\"noreferrer noopener\" class=\"broken_link\">www.savoiaterme.it<\/a> et b\u00e9n\u00e9ficiez toujours des avantages suivants :<\/p>\n\n\n\n<ul class=\"wp-block-list has-white-color has-text-color has-link-color wp-elements-efb43b036ed702dbb8d545330f9bf477\">\n<li>annulation gratuite et flexible ;<\/li>\n\n\n\n<li>meilleur tarif garanti ;<\/li>\n\n\n\n<li>taxe de s\u00e9jour offerte ;<\/li>\n<\/ul>\n\n\n\n<a href=\"https:\/\/www.simplebooking.it\/ibe2\/hotel\/5688\/offer\/87564?lang=FR&amp;cur=EUR\" target=\"blank\" class=\"btn btn-center broken_link\" rel=\"noopener\">V\u00c9RIFIER LA DISPONIBILIT\u00c9<\/a>\n\n<\/div>\n<\/div><\/div>","protected":false},"excerpt":{"rendered":"","protected":false},"author":26,"featured_media":28189,"comment_status":"closed","ping_status":"closed","sticky":false,"template":"","format":"standard","meta":{"_acf_changed":false,"advgb_blocks_editor_width":"","advgb_blocks_columns_visual_guide":"","footnotes":""},"categories":[24],"tags":[],"class_list":["post-33199","post","type-post","status-publish","format-standard","has-post-thumbnail","hentry","category-non-classifiee","entry"],"acf":{"page_custom_gallery":[{"page_custom_gallery_label":"","page_custom_gallery_photos":[28194,28189,28184]}]},"yoast_head":"<!-- This site is optimized with the Yoast SEO plugin v25.7 - https:\/\/yoast.com\/wordpress\/plugins\/seo\/ -->\n<title>P\u00e2ques de D\u00e9tente aux Thermes - Hotel Savoia Therm\u00e6 &amp; Spa<\/title>\n<meta name=\"description\" content=\"Vivez P\u00e2ques aux Thermes entre piscines thermales, bien-\u00eatre, saveurs de la tradition et \u00e9v\u00e9nements sp\u00e9ciaux, pour un s\u00e9jour de pure d\u00e9tente.\" \/>\n<meta name=\"robots\" content=\"index, follow, max-snippet:-1, max-image-preview:large, max-video-preview:-1\" \/>\n<link rel=\"canonical\" href=\"https:\/\/www.savoiaterme.it\/fr\/paques-2026\/\" \/>\n<meta property=\"og:locale\" content=\"fr_FR\" \/>\n<meta property=\"og:type\" content=\"article\" \/>\n<meta property=\"og:title\" content=\"P\u00e2ques de D\u00e9tente aux Thermes - Hotel Savoia Therm\u00e6 &amp; Spa\" \/>\n<meta property=\"og:description\" content=\"Vivez P\u00e2ques aux Thermes entre piscines thermales, bien-\u00eatre, saveurs de la tradition et \u00e9v\u00e9nements sp\u00e9ciaux, pour un s\u00e9jour de pure d\u00e9tente.\" \/>\n<meta property=\"og:url\" content=\"https:\/\/www.savoiaterme.it\/fr\/paques-2026\/\" \/>\n<meta property=\"og:site_name\" content=\"Hotel Savoia Therm\u00e6 &amp; Spa\" \/>\n<meta property=\"article:published_time\" content=\"2026-01-27T09:14:18+00:00\" \/>\n<meta property=\"article:modified_time\" content=\"2026-03-09T07:38:50+00:00\" \/>\n<meta property=\"og:image\" content=\"https:\/\/www.savoiaterme.it\/wp-content\/uploads\/2025\/02\/immagine-pasqua-savoia-2.webp\" \/>\n\t<meta property=\"og:image:width\" content=\"1792\" \/>\n\t<meta property=\"og:image:height\" content=\"1024\" \/>\n\t<meta property=\"og:image:type\" content=\"image\/webp\" \/>\n<meta name=\"author\" content=\"mattia\" \/>\n<meta name=\"twitter:card\" content=\"summary_large_image\" \/>\n<meta name=\"twitter:label1\" content=\"\u00c9crit par\" \/>\n\t<meta name=\"twitter:data1\" content=\"mattia\" \/>\n\t<meta name=\"twitter:label2\" content=\"Dur\u00e9e de lecture estim\u00e9e\" \/>\n\t<meta name=\"twitter:data2\" content=\"3 minutes\" \/>\n<script type=\"application\/ld+json\" class=\"yoast-schema-graph\">{\"@context\":\"https:\/\/schema.org\",\"@graph\":[{\"@type\":\"WebPage\",\"@id\":\"https:\/\/www.savoiaterme.it\/fr\/paques-2026\/\",\"url\":\"https:\/\/www.savoiaterme.it\/fr\/paques-2026\/\",\"name\":\"P\u00e2ques de D\u00e9tente aux Thermes - Hotel Savoia Therm\u00e6 &amp; Spa\",\"isPartOf\":{\"@id\":\"https:\/\/www.savoiaterme.it\/fr\/#website\"},\"primaryImageOfPage\":{\"@id\":\"https:\/\/www.savoiaterme.it\/fr\/paques-2026\/#primaryimage\"},\"image\":{\"@id\":\"https:\/\/www.savoiaterme.it\/fr\/paques-2026\/#primaryimage\"},\"thumbnailUrl\":\"https:\/\/www.savoiaterme.it\/wp-content\/uploads\/2025\/02\/immagine-pasqua-savoia-2.webp\",\"datePublished\":\"2026-01-27T09:14:18+00:00\",\"dateModified\":\"2026-03-09T07:38:50+00:00\",\"author\":{\"@id\":\"https:\/\/www.savoiaterme.it\/fr\/#\/schema\/person\/36d16314d29aa2e43e2061f83b36ef09\"},\"description\":\"Vivez P\u00e2ques aux Thermes entre piscines thermales, bien-\u00eatre, saveurs de la tradition et \u00e9v\u00e9nements sp\u00e9ciaux, pour un s\u00e9jour de pure d\u00e9tente.\",\"breadcrumb\":{\"@id\":\"https:\/\/www.savoiaterme.it\/fr\/paques-2026\/#breadcrumb\"},\"inLanguage\":\"fr-FR\",\"potentialAction\":[{\"@type\":\"ReadAction\",\"target\":[\"https:\/\/www.savoiaterme.it\/fr\/paques-2026\/\"]}]},{\"@type\":\"ImageObject\",\"inLanguage\":\"fr-FR\",\"@id\":\"https:\/\/www.savoiaterme.it\/fr\/paques-2026\/#primaryimage\",\"url\":\"https:\/\/www.savoiaterme.it\/wp-content\/uploads\/2025\/02\/immagine-pasqua-savoia-2.webp\",\"contentUrl\":\"https:\/\/www.savoiaterme.it\/wp-content\/uploads\/2025\/02\/immagine-pasqua-savoia-2.webp\",\"width\":1792,\"height\":1024},{\"@type\":\"BreadcrumbList\",\"@id\":\"https:\/\/www.savoiaterme.it\/fr\/paques-2026\/#breadcrumb\",\"itemListElement\":[{\"@type\":\"ListItem\",\"position\":1,\"name\":\"\",\"item\":\"https:\/\/www.savoiaterme.it\/fr\/\"},{\"@type\":\"ListItem\",\"position\":2,\"name\":\"P\u00c2QUES 2026\"}]},{\"@type\":\"WebSite\",\"@id\":\"https:\/\/www.savoiaterme.it\/fr\/#website\",\"url\":\"https:\/\/www.savoiaterme.it\/fr\/\",\"name\":\"Hotel Savoia Therm\u00e6 &amp; Spa\",\"description\":\"ABANO TERME\",\"potentialAction\":[{\"@type\":\"SearchAction\",\"target\":{\"@type\":\"EntryPoint\",\"urlTemplate\":\"https:\/\/www.savoiaterme.it\/fr\/?s={search_term_string}\"},\"query-input\":{\"@type\":\"PropertyValueSpecification\",\"valueRequired\":true,\"valueName\":\"search_term_string\"}}],\"inLanguage\":\"fr-FR\"},{\"@type\":\"Person\",\"@id\":\"https:\/\/www.savoiaterme.it\/fr\/#\/schema\/person\/36d16314d29aa2e43e2061f83b36ef09\",\"name\":\"mattia\",\"image\":{\"@type\":\"ImageObject\",\"inLanguage\":\"fr-FR\",\"@id\":\"https:\/\/www.savoiaterme.it\/fr\/#\/schema\/person\/image\/\",\"url\":\"https:\/\/secure.gravatar.com\/avatar\/ac6baff0af4ee5fabd7922aa1001efe4ee6154b9089e02ea198434e586b49ee2?s=96&d=mm&r=g\",\"contentUrl\":\"https:\/\/secure.gravatar.com\/avatar\/ac6baff0af4ee5fabd7922aa1001efe4ee6154b9089e02ea198434e586b49ee2?s=96&d=mm&r=g\",\"caption\":\"mattia\"},\"url\":\"https:\/\/www.savoiaterme.it\/fr\/author\/mattia\/\"}]}<\/script>\n<!-- \/ Yoast SEO plugin. -->","yoast_head_json":{"title":"P\u00e2ques de D\u00e9tente aux Thermes - Hotel Savoia Therm\u00e6 &amp; Spa","description":"Vivez P\u00e2ques aux Thermes entre piscines thermales, bien-\u00eatre, saveurs de la tradition et \u00e9v\u00e9nements sp\u00e9ciaux, pour un s\u00e9jour de pure d\u00e9tente.","robots":{"index":"index","follow":"follow","max-snippet":"max-snippet:-1","max-image-preview":"max-image-preview:large","max-video-preview":"max-video-preview:-1"},"canonical":"https:\/\/www.savoiaterme.it\/fr\/paques-2026\/","og_locale":"fr_FR","og_type":"article","og_title":"P\u00e2ques de D\u00e9tente aux Thermes - Hotel Savoia Therm\u00e6 &amp; Spa","og_description":"Vivez P\u00e2ques aux Thermes entre piscines thermales, bien-\u00eatre, saveurs de la tradition et \u00e9v\u00e9nements sp\u00e9ciaux, pour un s\u00e9jour de pure d\u00e9tente.","og_url":"https:\/\/www.savoiaterme.it\/fr\/paques-2026\/","og_site_name":"Hotel Savoia Therm\u00e6 &amp; Spa","article_published_time":"2026-01-27T09:14:18+00:00","article_modified_time":"2026-03-09T07:38:50+00:00","og_image":[{"width":1792,"height":1024,"url":"https:\/\/www.savoiaterme.it\/wp-content\/uploads\/2025\/02\/immagine-pasqua-savoia-2.webp","type":"image\/webp"}],"author":"mattia","twitter_card":"summary_large_image","twitter_misc":{"\u00c9crit par":"mattia","Dur\u00e9e de lecture estim\u00e9e":"3 minutes"},"schema":{"@context":"https:\/\/schema.org","@graph":[{"@type":"WebPage","@id":"https:\/\/www.savoiaterme.it\/fr\/paques-2026\/","url":"https:\/\/www.savoiaterme.it\/fr\/paques-2026\/","name":"P\u00e2ques de D\u00e9tente aux Thermes - Hotel Savoia Therm\u00e6 &amp; Spa","isPartOf":{"@id":"https:\/\/www.savoiaterme.it\/fr\/#website"},"primaryImageOfPage":{"@id":"https:\/\/www.savoiaterme.it\/fr\/paques-2026\/#primaryimage"},"image":{"@id":"https:\/\/www.savoiaterme.it\/fr\/paques-2026\/#primaryimage"},"thumbnailUrl":"https:\/\/www.savoiaterme.it\/wp-content\/uploads\/2025\/02\/immagine-pasqua-savoia-2.webp","datePublished":"2026-01-27T09:14:18+00:00","dateModified":"2026-03-09T07:38:50+00:00","author":{"@id":"https:\/\/www.savoiaterme.it\/fr\/#\/schema\/person\/36d16314d29aa2e43e2061f83b36ef09"},"description":"Vivez P\u00e2ques aux Thermes entre piscines thermales, bien-\u00eatre, saveurs de la tradition et \u00e9v\u00e9nements sp\u00e9ciaux, pour un s\u00e9jour de pure d\u00e9tente.","breadcrumb":{"@id":"https:\/\/www.savoiaterme.it\/fr\/paques-2026\/#breadcrumb"},"inLanguage":"fr-FR","potentialAction":[{"@type":"ReadAction","target":["https:\/\/www.savoiaterme.it\/fr\/paques-2026\/"]}]},{"@type":"ImageObject","inLanguage":"fr-FR","@id":"https:\/\/www.savoiaterme.it\/fr\/paques-2026\/#primaryimage","url":"https:\/\/www.savoiaterme.it\/wp-content\/uploads\/2025\/02\/immagine-pasqua-savoia-2.webp","contentUrl":"https:\/\/www.savoiaterme.it\/wp-content\/uploads\/2025\/02\/immagine-pasqua-savoia-2.webp","width":1792,"height":1024},{"@type":"BreadcrumbList","@id":"https:\/\/www.savoiaterme.it\/fr\/paques-2026\/#breadcrumb","itemListElement":[{"@type":"ListItem","position":1,"name":"","item":"https:\/\/www.savoiaterme.it\/fr\/"},{"@type":"ListItem","position":2,"name":"P\u00c2QUES 2026"}]},{"@type":"WebSite","@id":"https:\/\/www.savoiaterme.it\/fr\/#website","url":"https:\/\/www.savoiaterme.it\/fr\/","name":"Hotel Savoia Therm\u00e6 &amp; Spa","description":"ABANO TERME","potentialAction":[{"@type":"SearchAction","target":{"@type":"EntryPoint","urlTemplate":"https:\/\/www.savoiaterme.it\/fr\/?s={search_term_string}"},"query-input":{"@type":"PropertyValueSpecification","valueRequired":true,"valueName":"search_term_string"}}],"inLanguage":"fr-FR"},{"@type":"Person","@id":"https:\/\/www.savoiaterme.it\/fr\/#\/schema\/person\/36d16314d29aa2e43e2061f83b36ef09","name":"mattia","image":{"@type":"ImageObject","inLanguage":"fr-FR","@id":"https:\/\/www.savoiaterme.it\/fr\/#\/schema\/person\/image\/","url":"https:\/\/secure.gravatar.com\/avatar\/ac6baff0af4ee5fabd7922aa1001efe4ee6154b9089e02ea198434e586b49ee2?s=96&d=mm&r=g","contentUrl":"https:\/\/secure.gravatar.com\/avatar\/ac6baff0af4ee5fabd7922aa1001efe4ee6154b9089e02ea198434e586b49ee2?s=96&d=mm&r=g","caption":"mattia"},"url":"https:\/\/www.savoiaterme.it\/fr\/author\/mattia\/"}]}},"author_meta":{"display_name":"mattia","author_link":"https:\/\/www.savoiaterme.it\/fr\/author\/mattia\/"},"featured_img":"https:\/\/www.savoiaterme.it\/wp-content\/uploads\/2025\/02\/immagine-pasqua-savoia-2-300x171.webp","coauthors":[],"tax_additional":{"categories":{"linked":["<a href=\"https:\/\/www.savoiaterme.it\/fr\/category\/non-classifiee\/\" class=\"advgb-post-tax-term\">Non classifi\u00e9(e)<\/a>"],"unlinked":["<span class=\"advgb-post-tax-term\">Non classifi\u00e9(e)<\/span>"]}},"comment_count":"0","relative_dates":{"created":"Publi\u00e9 3 mois il y a","modified":"Mis \u00e0 jour 2 mois il y a"},"absolute_dates":{"created":"Publi\u00e9 le janvier 27, 2026","modified":"Mise \u00e0 jour le mars 9, 2026"},"absolute_dates_time":{"created":"Publi\u00e9 le janvier 27, 2026 10:14 am","modified":"Mise \u00e0 jour le mars 9, 2026 8:38 am"},"featured_img_caption":"","series_order":"","_links":{"self":[{"href":"https:\/\/www.savoiaterme.it\/fr\/wp-json\/wp\/v2\/posts\/33199","targetHints":{"allow":["GET"]}}],"collection":[{"href":"https:\/\/www.savoiaterme.it\/fr\/wp-json\/wp\/v2\/posts"}],"about":[{"href":"https:\/\/www.savoiaterme.it\/fr\/wp-json\/wp\/v2\/types\/post"}],"author":[{"embeddable":true,"href":"https:\/\/www.savoiaterme.it\/fr\/wp-json\/wp\/v2\/users\/26"}],"replies":[{"embeddable":true,"href":"https:\/\/www.savoiaterme.it\/fr\/wp-json\/wp\/v2\/comments?post=33199"}],"version-history":[{"count":12,"href":"https:\/\/www.savoiaterme.it\/fr\/wp-json\/wp\/v2\/posts\/33199\/revisions"}],"predecessor-version":[{"id":33643,"href":"https:\/\/www.savoiaterme.it\/fr\/wp-json\/wp\/v2\/posts\/33199\/revisions\/33643"}],"wp:featuredmedia":[{"embeddable":true,"href":"https:\/\/www.savoiaterme.it\/fr\/wp-json\/wp\/v2\/media\/28189"}],"wp:attachment":[{"href":"https:\/\/www.savoiaterme.it\/fr\/wp-json\/wp\/v2\/media?parent=33199"}],"wp:term":[{"taxonomy":"category","embeddable":true,"href":"https:\/\/www.savoiaterme.it\/fr\/wp-json\/wp\/v2\/categories?post=33199"},{"taxonomy":"post_tag","embeddable":true,"href":"https:\/\/www.savoiaterme.it\/fr\/wp-json\/wp\/v2\/tags?post=33199"}],"curies":[{"name":"wp","href":"https:\/\/api.w.org\/{rel}","templated":true}]}}