{"id":28982,"date":"2025-05-05T11:46:04","date_gmt":"2025-05-05T09:46:04","guid":{"rendered":"https:\/\/www.savoiaterme.it\/?p=28982"},"modified":"2025-05-26T17:16:11","modified_gmt":"2025-05-26T15:16:11","slug":"abano-zen-2025","status":"publish","type":"post","link":"https:\/\/www.savoiaterme.it\/it\/abano-zen-2025\/","title":{"rendered":"Abano Zen 2025"},"content":{"rendered":"<div  class=\"grids-section grids-is-advanced alignfull\" style=\"--_gs-gap-desktop:0px 0px;--_gs-m-desktop:0 0 0 0;--_gs-p-desktop:0 0 0 0;--_gs-bg-desktop:transparent none;--_gs-bg-xp-desktop:0px;--_gs-zi-desktop:auto;--_gs-d-desktop:block;--_gs-mw-desktop:calc(100% - 0 - 0);--_gs-gap-tablet:0px 0px;--_gs-m-tablet:0 0 0 0;--_gs-p-tablet:0 0 0 0;--_gs-bg-tablet:transparent none;--_gs-bg-xp-tablet:0px;--_gs-zi-tablet:auto;--_gs-d-tablet:block;--_gs-mw-tablet:calc(100% - 0 - 0);--_gs-gap-mobile:0px 0px;--_gs-m-mobile:20px 0 20px 0;--_gs-p-mobile:0 10px 0 10px;--_gs-bg-mobile:transparent none;--_gs-bg-xp-mobile:0px;--_gs-zi-mobile:auto;--_gs-d-mobile:block;--_gs-mw-mobile:calc(100% - 0 - 0);--_gs-columns:12;--_gs-rows:6\"><div class=\"grids-s-w_i\">\n<div class=\"grids-area\" style=\"--_ga-column:2\/7;--_ga-row:1\/7;--_ga-va:center;--_ga-m-desktop:0 20px 0 0;--_ga-p-desktop:0 0 0 0;--_ga-bg-desktop:transparent none;--_ga-zi-desktop:auto;--_ga-d-desktop:flex;--_ga-mw-desktop:calc(100% - 0 - 20px);--_ga-m-tablet:0 0px 0 0;--_ga-p-tablet:0 0 0 0;--_ga-bg-tablet:transparent none;--_ga-zi-tablet:auto;--_ga-d-tablet:flex;--_ga-mw-tablet:calc(100% - 0 - 0px);--_ga-m-mobile:0 0px 0 0;--_ga-p-mobile:20px 0 20px 0;--_ga-bg-mobile:transparent none;--_ga-zi-mobile:auto;--_ga-d-mobile:flex;--_ga-mw-mobile:calc(100% - 0 - 0px)\">\n\n<h2 class=\"wp-block-heading\" id=\"spa-oasi-del-relax\"><strong>Cos\u2019\u00e8 Abano Zen?<\/strong><\/h2>\n\n\n\n<p><strong><em>Ritrova il tuo benessere con meditazione, yoga e ayurveda<\/em><\/strong><\/p>\n\n\n\n<p>Dal <strong>30 Maggio al 8 Giugno<\/strong> Abano Terme diventer\u00e0 la capitale del benessere con eventi legati alla meditazione, al movimento, allo Yoga, al Mondo Orientale, ai Suoni dell&#8217;anima.<br><\/p>\n\n<\/div>\n\n<div class=\"grids-area\" style=\"--_ga-column:7\/12;--_ga-row:1\/7;--_ga-va:center;--_ga-m-desktop:0 0 0 20px;--_ga-p-desktop:0 0 0 0;--_ga-bg-desktop:transparent none;--_ga-zi-desktop:auto;--_ga-d-desktop:flex;--_ga-mw-desktop:calc(100% - 20px - 0);--_ga-m-tablet:0 0 0 0px;--_ga-p-tablet:0 0 0 0;--_ga-bg-tablet:transparent none;--_ga-zi-tablet:auto;--_ga-d-tablet:flex;--_ga-mw-tablet:calc(100% - 0px - 0);--_ga-m-mobile:0 0 0 0px;--_ga-p-mobile:0 0 0 0;--_ga-bg-mobile:transparent none;--_ga-zi-mobile:auto;--_ga-d-mobile:flex;--_ga-mw-mobile:calc(100% - 0px - 0)\">\n\n    <div class=\"custom-gallery-wrapper\">\n                <span class=\"enable-fullscreen\" onclick=\"showHideFotorama('custom-gallery_1', 0);\">\n            <i class=\"far fa-expand\"><\/i>\n        <\/span>\n                            <figure class=\"full-width gallery-wrapper-image gallery-wrapper-image-0\" onclick=\"showHideFotorama('custom-gallery_1', 0);\" style=\"background-color: #7b6d4a;\">\n                <img decoding=\"async\" class=\"gallery-wrapper-image-small\" src=\"https:\/\/www.savoiaterme.it\/wp-content\/uploads\/2024\/05\/abano-zen-savoia-terme.jpg\">\n            <\/figure>\n                                <figure class=\"full-width gallery-wrapper-image gallery-wrapper-image-1\" onclick=\"showHideFotorama('custom-gallery_1', 1);\" style=\"background-color: #a06457;\">\n                <img decoding=\"async\" class=\"gallery-wrapper-image-small\" src=\"https:\/\/www.savoiaterme.it\/wp-content\/uploads\/2024\/05\/massaggio-ayruveda-1.jpg\">\n            <\/figure>\n                                <figure class=\"full-width gallery-wrapper-image gallery-wrapper-image-2\" onclick=\"showHideFotorama('custom-gallery_1', 2);\" style=\"background-color: #a53310;\">\n                <img decoding=\"async\" class=\"gallery-wrapper-image-small\" src=\"https:\/\/www.savoiaterme.it\/wp-content\/uploads\/2021\/09\/wellness-ayurveda-savoia-terme-uomo.jpg\">\n            <\/figure>\n                        <\/div>\n\n    <div style=\"width:1px;height:1px;position:absolute;\" name=\"fotorama\" id=\"custom-gallery_1\" class=\"fotorama\" data-width=\"100%\"  data-nav=\"thumbs\"  data-allowfullscreen=\"true\" >\n                    <img decoding=\"async\" src=\"https:\/\/www.savoiaterme.it\/wp-content\/uploads\/2024\/05\/abano-zen-savoia-terme.jpg\" class=\"attachment-full skip-lazy\" \/>\n                    <img decoding=\"async\" src=\"https:\/\/www.savoiaterme.it\/wp-content\/uploads\/2024\/05\/massaggio-ayruveda-1.jpg\" class=\"attachment-full skip-lazy\" \/>\n                    <img decoding=\"async\" src=\"https:\/\/www.savoiaterme.it\/wp-content\/uploads\/2021\/09\/wellness-ayurveda-savoia-terme-uomo.jpg\" class=\"attachment-full skip-lazy\" \/>\n            <\/div>\n\n\n\n<\/div>\n<\/div><\/div>\n\n\n<div style=\"height:30px\" aria-hidden=\"true\" class=\"wp-block-spacer\"><\/div>\n\n\n<div  class=\"grids-section grids-is-advanced alignfull\" style=\"--_gs-gap-desktop:0px 0px;--_gs-m-desktop:0 0 0 0;--_gs-p-desktop:30px 0 30px 0;--_gs-bg-desktop:#f3ebf2 none;--_gs-bg-xp-desktop:0px;--_gs-zi-desktop:auto;--_gs-d-desktop:block;--_gs-mw-desktop:calc(100% - 0 - 0);--_gs-gap-tablet:0px 0px;--_gs-m-tablet:0 0 0 0;--_gs-p-tablet:30px 0 30px 0;--_gs-bg-tablet:#f3ebf2 none;--_gs-bg-xp-tablet:0px;--_gs-zi-tablet:auto;--_gs-d-tablet:block;--_gs-mw-tablet:calc(100% - 0 - 0);--_gs-gap-mobile:0px 0px;--_gs-m-mobile:20px 0 20px 0;--_gs-p-mobile:30px 10px 30px 10px;--_gs-bg-mobile:#f3ebf2 none;--_gs-bg-xp-mobile:0px;--_gs-zi-mobile:auto;--_gs-d-mobile:block;--_gs-mw-mobile:calc(100% - 0 - 0);--_gs-columns:12;--_gs-rows:6\"><div class=\"grids-s-w_i\">\n<div class=\"grids-area\" style=\"--_ga-column:2\/12;--_ga-row:1\/7;--_ga-va:center;--_ga-m-desktop:0 0 0 0;--_ga-p-desktop:0 0 0 0;--_ga-bg-desktop:transparent none;--_ga-zi-desktop:auto;--_ga-d-desktop:flex;--_ga-mw-desktop:calc(100% - 0 - 0);--_ga-m-tablet:0 0 0 0;--_ga-p-tablet:0 0 0 0;--_ga-bg-tablet:transparent none;--_ga-zi-tablet:auto;--_ga-d-tablet:flex;--_ga-mw-tablet:calc(100% - 0 - 0);--_ga-m-mobile:20px 0 20px 0;--_ga-p-mobile:0 0 0 0;--_ga-bg-mobile:transparent none;--_ga-zi-mobile:auto;--_ga-d-mobile:flex;--_ga-mw-mobile:calc(100% - 0 - 0)\">\n\n<h3 class=\"wp-block-heading has-text-align-center\"><strong>Vieni a scoprire Abano Zen nel cuore di Abano Terme<\/strong><\/h3>\n\n\n\n<p class=\"has-text-align-center\">Ti proponiamo un programma ricco di <strong>eventi gratuiti da abbinare al tuo soggiorno<\/strong> di terme &amp; relax all\u2019Hotel Savoia Therm\u00e6 &amp; SPA.<\/p>\n\n\n\n<p class=\"has-text-align-center\">Il programma potrebbe subire variazioni e in caso di maltempo si volger\u00e0 all\u2019interno.<\/p>\n\n<\/div>\n<\/div><\/div>\n\n\n<div style=\"height:30px\" aria-hidden=\"true\" class=\"wp-block-spacer\"><\/div>\n\n\n<div  class=\"grids-section grids-is-advanced alignfull\" style=\"--_gs-gap-desktop:0px 0px;--_gs-m-desktop:0 0 0 0;--_gs-p-desktop:0 0 0 0;--_gs-bg-desktop:transparent none;--_gs-bg-xp-desktop:0px;--_gs-zi-desktop:auto;--_gs-d-desktop:block;--_gs-mw-desktop:calc(100% - 0 - 0);--_gs-gap-tablet:0px 0px;--_gs-m-tablet:0 0 0 0;--_gs-p-tablet:0 0 0 0;--_gs-bg-tablet:transparent none;--_gs-bg-xp-tablet:0px;--_gs-zi-tablet:auto;--_gs-d-tablet:block;--_gs-mw-tablet:calc(100% - 0 - 0);--_gs-gap-mobile:0px 0px;--_gs-m-mobile:20px 0 20px 0;--_gs-p-mobile:0 10px 0 10px;--_gs-bg-mobile:transparent none;--_gs-bg-xp-mobile:0px;--_gs-zi-mobile:auto;--_gs-d-mobile:block;--_gs-mw-mobile:calc(100% - 0 - 0);--_gs-columns:12;--_gs-rows:6\"><div class=\"grids-s-w_i\">\n<div class=\"grids-area\" style=\"--_ga-column:2\/12;--_ga-row:1\/7;--_ga-va:center;--_ga-m-desktop:0 0 0 0;--_ga-p-desktop:0 0 0 0;--_ga-bg-desktop:transparent none;--_ga-zi-desktop:auto;--_ga-d-desktop:flex;--_ga-mw-desktop:calc(100% - 0 - 0);--_ga-m-tablet:0 0 0 0;--_ga-p-tablet:0 0 0 0;--_ga-bg-tablet:transparent none;--_ga-zi-tablet:auto;--_ga-d-tablet:flex;--_ga-mw-tablet:calc(100% - 0 - 0);--_ga-m-mobile:20px 0 20px 0;--_ga-p-mobile:0 0 0 0;--_ga-bg-mobile:transparent none;--_ga-zi-mobile:auto;--_ga-d-mobile:flex;--_ga-mw-mobile:calc(100% - 0 - 0)\">\n\n<h2 class=\"wp-block-heading\"><strong>La meditazione del cuore<\/strong><\/h2>\n\n\n\n<p><strong><strong>Venerd\u00ec 30.05 \u2013 Domenica 08.06 | ore 10:30 | 45\u2019<\/strong><\/strong><\/p>\n\n\n\n<hr class=\"wp-block-separator has-css-opacity is-style-default\"\/>\n\n\n\n<p>Il Chakra del cuore \u00e8 fondamentale per la nostra capacit\u00e0 di esprimere ci\u00f2 che siamo e ci\u00f2 che proviamo in modo equilibrato. Quando Anahita \u00e8 in armonia ci sentiamo in pace, siamo empatici, proviamo amore puro e incondizionato verso gli altri e verso la natura, e viviamo in uno stato di profonda serenit\u00e0.<br><\/p>\n\n<\/div>\n<\/div><\/div>\n\n<div  class=\"grids-section grids-is-advanced alignfull\" style=\"--_gs-gap-desktop:0px 0px;--_gs-m-desktop:0 0 0 0;--_gs-p-desktop:0 0 0 0;--_gs-bg-desktop:transparent none;--_gs-bg-xp-desktop:0px;--_gs-zi-desktop:auto;--_gs-d-desktop:block;--_gs-mw-desktop:calc(100% - 0 - 0);--_gs-gap-tablet:0px 0px;--_gs-m-tablet:0 0 0 0;--_gs-p-tablet:0 0 0 0;--_gs-bg-tablet:transparent none;--_gs-bg-xp-tablet:0px;--_gs-zi-tablet:auto;--_gs-d-tablet:block;--_gs-mw-tablet:calc(100% - 0 - 0);--_gs-gap-mobile:0px 0px;--_gs-m-mobile:20px 0 20px 0;--_gs-p-mobile:0 10px 0 10px;--_gs-bg-mobile:transparent none;--_gs-bg-xp-mobile:0px;--_gs-zi-mobile:auto;--_gs-d-mobile:block;--_gs-mw-mobile:calc(100% - 0 - 0);--_gs-columns:12;--_gs-rows:6\"><div class=\"grids-s-w_i\">\n<div class=\"grids-area\" style=\"--_ga-column:2\/12;--_ga-row:1\/7;--_ga-va:center;--_ga-m-desktop:0 0 0 0;--_ga-p-desktop:0 0 0 0;--_ga-bg-desktop:transparent none;--_ga-zi-desktop:auto;--_ga-d-desktop:flex;--_ga-mw-desktop:calc(100% - 0 - 0);--_ga-m-tablet:0 0 0 0;--_ga-p-tablet:0 0 0 0;--_ga-bg-tablet:transparent none;--_ga-zi-tablet:auto;--_ga-d-tablet:flex;--_ga-mw-tablet:calc(100% - 0 - 0);--_ga-m-mobile:20px 0 20px 0;--_ga-p-mobile:0 0 0 0;--_ga-bg-mobile:transparent none;--_ga-zi-mobile:auto;--_ga-d-mobile:flex;--_ga-mw-mobile:calc(100% - 0 - 0)\">\n\n<h2 class=\"wp-block-heading\"><strong>La meditazione con le campane tibetane<\/strong><\/h2>\n\n\n\n<p><strong><strong><strong>Sabato 31.05 \u2013 Sabato 07.06 | ore 10:30 | 45\u2019<\/strong><\/strong><\/strong><\/p>\n\n\n\n<hr class=\"wp-block-separator has-css-opacity is-style-default\"\/>\n\n\n\n<p>Le campane tibetane venivano utilizzate circa 2500 anni fa nell\u2019area himalayana per scopi domestici, per le cerimonie religiose, per i riti sciamanici e per le pratiche di guarigione. Il suono che emana dalle campane tibetane induce a un rilassamento profondo, a uno stato simile allo stato di veglia-sonno, o di meditazione profonda. In questo particolare stato fisico e mentale le resistenze, le difese, le chiusure che la nostra mente vigile oppone crollano, lasciando emergere naturalmente e con dolcezza ci\u00f2 che risiede dentro di noi a livelli pi\u00f9 sommersi. Non \u00e8 solo un rilassamento quindi, ma un agevolare il corpo e la mente ad entrare in uno stato pi\u00f9 profondo di s\u00e9, riprendendosi il diritto a \u201csentire\u201d e \u201csentirsi\u201d meglio.<br><\/p>\n\n<\/div>\n<\/div><\/div>\n\n<div  class=\"grids-section grids-is-advanced alignfull\" style=\"--_gs-gap-desktop:0px 0px;--_gs-m-desktop:0 0 0 0;--_gs-p-desktop:0 0 0 0;--_gs-bg-desktop:transparent none;--_gs-bg-xp-desktop:0px;--_gs-zi-desktop:auto;--_gs-d-desktop:block;--_gs-mw-desktop:calc(100% - 0 - 0);--_gs-gap-tablet:0px 0px;--_gs-m-tablet:0 0 0 0;--_gs-p-tablet:0 0 0 0;--_gs-bg-tablet:transparent none;--_gs-bg-xp-tablet:0px;--_gs-zi-tablet:auto;--_gs-d-tablet:block;--_gs-mw-tablet:calc(100% - 0 - 0);--_gs-gap-mobile:0px 0px;--_gs-m-mobile:20px 0 20px 0;--_gs-p-mobile:0 10px 0 10px;--_gs-bg-mobile:transparent none;--_gs-bg-xp-mobile:0px;--_gs-zi-mobile:auto;--_gs-d-mobile:block;--_gs-mw-mobile:calc(100% - 0 - 0);--_gs-columns:12;--_gs-rows:6\"><div class=\"grids-s-w_i\">\n<div class=\"grids-area\" style=\"--_ga-column:2\/12;--_ga-row:1\/7;--_ga-va:center;--_ga-m-desktop:0 0 0 0;--_ga-p-desktop:0 0 0 0;--_ga-bg-desktop:transparent none;--_ga-zi-desktop:auto;--_ga-d-desktop:flex;--_ga-mw-desktop:calc(100% - 0 - 0);--_ga-m-tablet:0 0 0 0;--_ga-p-tablet:0 0 0 0;--_ga-bg-tablet:transparent none;--_ga-zi-tablet:auto;--_ga-d-tablet:flex;--_ga-mw-tablet:calc(100% - 0 - 0);--_ga-m-mobile:20px 0 20px 0;--_ga-p-mobile:0 0 0 0;--_ga-bg-mobile:transparent none;--_ga-zi-mobile:auto;--_ga-d-mobile:flex;--_ga-mw-mobile:calc(100% - 0 - 0)\">\n\n<h2 class=\"wp-block-heading\"><strong>Meditazione sciamanica con tamburo<\/strong><\/h2>\n\n\n\n<p><strong><strong><strong><strong>Domenica 01.06 | ore 10:30 | 45\u2019<\/strong><\/strong><\/strong><\/strong><\/p>\n\n\n\n<hr class=\"wp-block-separator has-css-opacity is-style-default\"\/>\n\n\n\n<p>Il ritmo e il suono favoriscono il rilascio di endorfine, promuovendo il benessere psicoemotivo. Libera le emozioni represse favorendo l\u2019autoguarigione profonda.&nbsp; IL suono ritmato e continuativo stimola le cellule del corpo e le onde theta.<br><\/p>\n\n<\/div>\n<\/div><\/div>\n\n<div  class=\"grids-section grids-is-advanced alignfull\" style=\"--_gs-gap-desktop:0px 0px;--_gs-m-desktop:0 0 0 0;--_gs-p-desktop:0 0 0 0;--_gs-bg-desktop:transparent none;--_gs-bg-xp-desktop:0px;--_gs-zi-desktop:auto;--_gs-d-desktop:block;--_gs-mw-desktop:calc(100% - 0 - 0);--_gs-gap-tablet:0px 0px;--_gs-m-tablet:0 0 0 0;--_gs-p-tablet:0 0 0 0;--_gs-bg-tablet:transparent none;--_gs-bg-xp-tablet:0px;--_gs-zi-tablet:auto;--_gs-d-tablet:block;--_gs-mw-tablet:calc(100% - 0 - 0);--_gs-gap-mobile:0px 0px;--_gs-m-mobile:20px 0 20px 0;--_gs-p-mobile:0 10px 0 10px;--_gs-bg-mobile:transparent none;--_gs-bg-xp-mobile:0px;--_gs-zi-mobile:auto;--_gs-d-mobile:block;--_gs-mw-mobile:calc(100% - 0 - 0);--_gs-columns:12;--_gs-rows:6\"><div class=\"grids-s-w_i\">\n<div class=\"grids-area\" style=\"--_ga-column:2\/12;--_ga-row:1\/7;--_ga-va:center;--_ga-m-desktop:0 0 0 0;--_ga-p-desktop:0 0 0 0;--_ga-bg-desktop:transparent none;--_ga-zi-desktop:auto;--_ga-d-desktop:flex;--_ga-mw-desktop:calc(100% - 0 - 0);--_ga-m-tablet:0 0 0 0;--_ga-p-tablet:0 0 0 0;--_ga-bg-tablet:transparent none;--_ga-zi-tablet:auto;--_ga-d-tablet:flex;--_ga-mw-tablet:calc(100% - 0 - 0);--_ga-m-mobile:20px 0 20px 0;--_ga-p-mobile:0 0 0 0;--_ga-bg-mobile:transparent none;--_ga-zi-mobile:auto;--_ga-d-mobile:flex;--_ga-mw-mobile:calc(100% - 0 - 0)\">\n\n<h2 class=\"wp-block-heading\"><strong>Bagno sonoro<\/strong><\/h2>\n\n\n\n<p><strong><strong><strong><strong><strong><strong>Luned\u00ec 02.06 ore 10:30 \u201345\u2019<\/strong><\/strong><\/strong><\/strong><\/strong><\/strong><\/p>\n\n\n\n<hr class=\"wp-block-separator has-css-opacity is-style-default\"\/>\n\n\n\n<p>\u00c8 una meditazione in qui potersi lasciare andare totalmente con corpo mente e spirito. \u00c8 adatta a tutti e porta ad un riassetto psicofisico importante scavando nel nostro io pi\u00f9 profondo donando benefici a pi\u00f9 livelli.<br><\/p>\n\n<\/div>\n<\/div><\/div>\n\n<div  class=\"grids-section grids-is-advanced alignfull\" style=\"--_gs-gap-desktop:0px 0px;--_gs-m-desktop:0 0 0 0;--_gs-p-desktop:0 0 0 0;--_gs-bg-desktop:transparent none;--_gs-bg-xp-desktop:0px;--_gs-zi-desktop:auto;--_gs-d-desktop:block;--_gs-mw-desktop:calc(100% - 0 - 0);--_gs-gap-tablet:0px 0px;--_gs-m-tablet:0 0 0 0;--_gs-p-tablet:0 0 0 0;--_gs-bg-tablet:transparent none;--_gs-bg-xp-tablet:0px;--_gs-zi-tablet:auto;--_gs-d-tablet:block;--_gs-mw-tablet:calc(100% - 0 - 0);--_gs-gap-mobile:0px 0px;--_gs-m-mobile:20px 0 20px 0;--_gs-p-mobile:0 10px 0 10px;--_gs-bg-mobile:transparent none;--_gs-bg-xp-mobile:0px;--_gs-zi-mobile:auto;--_gs-d-mobile:block;--_gs-mw-mobile:calc(100% - 0 - 0);--_gs-columns:12;--_gs-rows:6\"><div class=\"grids-s-w_i\">\n<div class=\"grids-area\" style=\"--_ga-column:2\/12;--_ga-row:1\/7;--_ga-va:center;--_ga-m-desktop:0 0 0 0;--_ga-p-desktop:0 0 0 0;--_ga-bg-desktop:transparent none;--_ga-zi-desktop:auto;--_ga-d-desktop:flex;--_ga-mw-desktop:calc(100% - 0 - 0);--_ga-m-tablet:0 0 0 0;--_ga-p-tablet:0 0 0 0;--_ga-bg-tablet:transparent none;--_ga-zi-tablet:auto;--_ga-d-tablet:flex;--_ga-mw-tablet:calc(100% - 0 - 0);--_ga-m-mobile:20px 0 20px 0;--_ga-p-mobile:0 0 0 0;--_ga-bg-mobile:transparent none;--_ga-zi-mobile:auto;--_ga-d-mobile:flex;--_ga-mw-mobile:calc(100% - 0 - 0)\">\n\n<h2 class=\"wp-block-heading\"><strong>Qi gong &#8211; otto pezzi di broccato \u201cba duan jin\u201d<\/strong><\/h2>\n\n\n\n<p><strong><strong><strong><strong><strong><strong><strong>Marted\u00ec 03.06 \u2013 Mercoled\u00ec 04.06 | ore 10:30 | 45\u2019<\/strong><\/strong><\/strong><\/strong><\/strong><\/strong><\/strong><\/p>\n\n\n\n<hr class=\"wp-block-separator has-css-opacity is-style-default\"\/>\n\n\n\n<p>Otto semplici esercizi per attivare ogni meridiano del corpo, distendono i tendini e le articolazioni, lavorano per sostenere l\u2019equilibrio e la concentrazione. Questi esercizi bilanciano lo yin e lo yang e sostengono il qi, oltre a rinforzare le ossa donando longevit\u00e0, salute e chiarezza della mente.<\/p>\n\n<\/div>\n<\/div><\/div>\n\n<div  class=\"grids-section grids-is-advanced alignfull\" style=\"--_gs-gap-desktop:0px 0px;--_gs-m-desktop:0 0 0 0;--_gs-p-desktop:0 10px 0 10px;--_gs-bg-desktop:transparent none;--_gs-bg-xp-desktop:0px;--_gs-zi-desktop:auto;--_gs-d-desktop:block;--_gs-mw-desktop:calc(100% - 0 - 0);--_gs-gap-tablet:0px 0px;--_gs-m-tablet:0 0 0 0;--_gs-p-tablet:0 10px 0 10px;--_gs-bg-tablet:transparent none;--_gs-bg-xp-tablet:0px;--_gs-zi-tablet:auto;--_gs-d-tablet:block;--_gs-mw-tablet:calc(100% - 0 - 0);--_gs-gap-mobile:0px 0px;--_gs-m-mobile:20px 0 20px 0;--_gs-p-mobile:0 10px 0 10px;--_gs-bg-mobile:transparent none;--_gs-bg-xp-mobile:0px;--_gs-zi-mobile:auto;--_gs-d-mobile:block;--_gs-mw-mobile:calc(100% - 0 - 0);--_gs-columns:12;--_gs-rows:6\"><div class=\"grids-s-w_i\">\n<div class=\"grids-area\" style=\"--_ga-column:2\/12;--_ga-row:1\/7;--_ga-va:center;--_ga-m-desktop:0 0 0 0;--_ga-p-desktop:0 0 0 0;--_ga-bg-desktop:transparent none;--_ga-zi-desktop:auto;--_ga-d-desktop:flex;--_ga-mw-desktop:calc(100% - 0 - 0);--_ga-m-tablet:0 0 0 0;--_ga-p-tablet:0 0 0 0;--_ga-bg-tablet:transparent none;--_ga-zi-tablet:auto;--_ga-d-tablet:flex;--_ga-mw-tablet:calc(100% - 0 - 0);--_ga-m-mobile:20px 0 20px 0;--_ga-p-mobile:0 0 0 0;--_ga-bg-mobile:transparent none;--_ga-zi-mobile:auto;--_ga-d-mobile:flex;--_ga-mw-mobile:calc(100% - 0 - 0)\">\n\n<h2 class=\"wp-block-heading\"><strong>Kundalini meditation<\/strong><\/h2>\n\n\n\n<p><strong><strong><strong><strong><strong>Gioved\u00ec 05.06 &#8211; Venerd\u00ec 06 06 \u2013| ore 16:45 | 30<\/strong>\u2019<\/strong><\/strong><\/strong><\/strong><\/p>\n\n\n\n<hr class=\"wp-block-separator has-css-opacity is-style-default\"\/>\n\n\n\n<p>\u00c8 una pratica meditativa attiva che scioglie tensioni e blocchi energetici permettendo il libero fluire dell\u2019energia vitale ovvero la Kundalini. \u00c8 un\u2019esperienza rigenerante ideale per chi si sente il bisogno di liberarsi dallo stress. Riconnettersi al corpo, recuperando leggerezza nel corpo e nello spirito e armonia con s\u00e9 stesso.&nbsp;<br><\/p>\n\n<\/div>\n<\/div><\/div>\n\n<div  class=\"grids-section grids-is-advanced alignfull\" style=\"--_gs-gap-desktop:0px 0px;--_gs-m-desktop:0 0 0 0;--_gs-p-desktop:0 0 0 0;--_gs-bg-desktop:transparent none;--_gs-bg-xp-desktop:0px;--_gs-zi-desktop:auto;--_gs-d-desktop:block;--_gs-mw-desktop:calc(100% - 0 - 0);--_gs-gap-tablet:0px 0px;--_gs-m-tablet:0 0 0 0;--_gs-p-tablet:0 0 0 0;--_gs-bg-tablet:transparent none;--_gs-bg-xp-tablet:0px;--_gs-zi-tablet:auto;--_gs-d-tablet:block;--_gs-mw-tablet:calc(100% - 0 - 0);--_gs-gap-mobile:0px 0px;--_gs-m-mobile:20px 0 20px 0;--_gs-p-mobile:0 10px 0 10px;--_gs-bg-mobile:transparent none;--_gs-bg-xp-mobile:0px;--_gs-zi-mobile:auto;--_gs-d-mobile:block;--_gs-mw-mobile:calc(100% - 0 - 0);--_gs-columns:12;--_gs-rows:6\"><div class=\"grids-s-w_i\">\n<div class=\"grids-area\" style=\"--_ga-column:2\/12;--_ga-row:1\/7;--_ga-va:center;--_ga-m-desktop:0 0 0 0;--_ga-p-desktop:0 0 0 0;--_ga-bg-desktop:transparent none;--_ga-zi-desktop:auto;--_ga-d-desktop:flex;--_ga-mw-desktop:calc(100% - 0 - 0);--_ga-m-tablet:0 0 0 0;--_ga-p-tablet:0 0 0 0;--_ga-bg-tablet:transparent none;--_ga-zi-tablet:auto;--_ga-d-tablet:flex;--_ga-mw-tablet:calc(100% - 0 - 0);--_ga-m-mobile:20px 0 20px 0;--_ga-p-mobile:0 0 0 0;--_ga-bg-mobile:transparent none;--_ga-zi-mobile:auto;--_ga-d-mobile:flex;--_ga-mw-mobile:calc(100% - 0 - 0)\">\n\n<h2 class=\"wp-block-heading\"><strong>Aqua yoga<\/strong><\/h2>\n\n\n\n<p><strong><strong><strong><strong><strong><strong><strong><strong>Sabato 31.05 \u2013 Domenica 01.06 \u2013 Sabato 07.06 \u2013 Domenica 08.06 | ore 16:30 | 30\u2019<\/strong><\/strong><\/strong><\/strong><\/strong><\/strong><\/strong><\/strong><\/p>\n\n\n\n<hr class=\"wp-block-separator has-css-opacity is-style-default\"\/>\n\n\n\n<p>\u00c8 un&#8217;esperienza che coinvolge corpo e mente allo stesso momento, per favorire il benessere psicofisico generale. Attraverso la combinazione di posture, respirazione e meditazione, lo yoga aiuta a rilassare il corpo e la mente, ridurre lo stress e migliorare la flessibilit\u00e0 e la forza muscolare. Il tutto amplificato dai benefici dell\u2019acqua termale!<\/p>\n\n<\/div>\n<\/div><\/div>\n\n<div  class=\"grids-section hotel-services-list grids-is-advanced alignfull\" style=\"--_gs-gap-desktop:0px 0px;--_gs-m-desktop:0 0 0 0;--_gs-p-desktop:60px 0 60px 0;--_gs-bg-desktop:transparent none;--_gs-bg-xp-desktop:0px;--_gs-zi-desktop:auto;--_gs-d-desktop:block;--_gs-mw-desktop:calc(100% - 0 - 0);--_gs-gap-tablet:0px 0px;--_gs-m-tablet:0 0 0 0;--_gs-p-tablet:60px 0 60px 0;--_gs-bg-tablet:transparent none;--_gs-bg-xp-tablet:0px;--_gs-zi-tablet:auto;--_gs-d-tablet:block;--_gs-mw-tablet:calc(100% - 0 - 0);--_gs-gap-mobile:0px 0px;--_gs-m-mobile:20px 0 20px 0;--_gs-p-mobile:60px 10px 60px 10px;--_gs-bg-mobile:transparent none;--_gs-bg-xp-mobile:0px;--_gs-zi-mobile:auto;--_gs-d-mobile:block;--_gs-mw-mobile:calc(100% - 0 - 0);--_gs-columns:12;--_gs-rows:6\"><div class=\"grids-s-w_i\">\n<div class=\"grids-area\" style=\"--_ga-column:2\/12;--_ga-row:1\/7;--_ga-va:center;--_ga-m-desktop:0 0 0 0;--_ga-p-desktop:0 0 0 0;--_ga-bg-desktop:transparent none;--_ga-zi-desktop:auto;--_ga-d-desktop:flex;--_ga-mw-desktop:calc(100% - 0 - 0);--_ga-m-tablet:0 0 0 0;--_ga-p-tablet:0 0 0 0;--_ga-bg-tablet:transparent none;--_ga-zi-tablet:auto;--_ga-d-tablet:flex;--_ga-mw-tablet:calc(100% - 0 - 0);--_ga-m-mobile:20px 0 20px 0;--_ga-p-mobile:0 0 0 0;--_ga-bg-mobile:transparent none;--_ga-zi-mobile:auto;--_ga-d-mobile:flex;--_ga-mw-mobile:calc(100% - 0 - 0)\">\n\n<i class=\"fa-light fa-spa\"><\/i>\n\n\n\n<h3 class=\"wp-block-heading has-text-align-center\"><strong>Lasciati avvolgere dalla magia dell&#8217;Ayurveda<\/strong><\/h3>\n\n\n\n<hr class=\"wp-block-separator has-css-opacity is-style-default\"\/>\n\n\n\n<p class=\"has-text-align-center\">Scegli tra le nostre proposte<\/p>\n\n<\/div>\n<\/div><\/div>\n\n<div  class=\"grids-section grids-is-advanced alignfull\" style=\"--_gs-gap-desktop:0px 0px;--_gs-m-desktop:0 0 0 0;--_gs-p-desktop:0 0 0 0;--_gs-bg-desktop:transparent none;--_gs-bg-xp-desktop:0px;--_gs-zi-desktop:auto;--_gs-d-desktop:block;--_gs-mw-desktop:calc(100% - 0 - 0);--_gs-gap-tablet:0px 0px;--_gs-m-tablet:0 0 0 0;--_gs-p-tablet:0 0 0 0;--_gs-bg-tablet:transparent none;--_gs-bg-xp-tablet:0px;--_gs-zi-tablet:auto;--_gs-d-tablet:block;--_gs-mw-tablet:calc(100% - 0 - 0);--_gs-gap-mobile:0px 0px;--_gs-m-mobile:0 0 0 0;--_gs-p-mobile:0 10px 20px 10px;--_gs-bg-mobile:transparent none;--_gs-bg-xp-mobile:0px;--_gs-zi-mobile:auto;--_gs-d-mobile:block;--_gs-mw-mobile:calc(100% - 0 - 0);--_gs-columns:12;--_gs-rows:6\"><div class=\"grids-s-w_i\">\n<div class=\"grids-area\" style=\"--_ga-column:7\/12;--_ga-row:1\/7;--_ga-va:center;--_ga-m-desktop:0 0 0 20px;--_ga-p-desktop:0 0 0 0;--_ga-bg-desktop:transparent none;--_ga-zi-desktop:auto;--_ga-d-desktop:flex;--_ga-mw-desktop:calc(100% - 20px - 0);--_ga-m-tablet:0 0 0 0px;--_ga-p-tablet:0 0 0 0;--_ga-bg-tablet:transparent none;--_ga-zi-tablet:auto;--_ga-d-tablet:flex;--_ga-mw-tablet:calc(100% - 0px - 0);--_ga-m-mobile:0 0 0 0px;--_ga-p-mobile:20px 0 20px 0;--_ga-bg-mobile:transparent none;--_ga-zi-mobile:auto;--_ga-d-mobile:flex;--_ga-mw-mobile:calc(100% - 0px - 0)\">\n\n<h2 class=\"wp-block-heading\" id=\"le-nostre-piscine-termali\">Massaggi Ayurvedici<\/h2>\n\n\n\n<p>Lasciati avvolgere dalla magia dell\u2019Ayurveda. Una pratica medica olistica di oltre 3000 anni che affonda le sue radici nella tradizione indiana. Una vera e propria filosofia di vita che guarda l\u2019uomo nella sua interezza aiutando a raggiungere il benessere fisico e spirituale.<\/p>\n\n\n\n<p>Dall\u2019Udwartana all\u2019Abyangam, dal Pindaswedanam allo Shirodara scopri i nostri massaggi ayurvedici consigliati a tutti coloro che desiderano ritrovare l\u2019equilibrio energetico, sciogliere le tensioni e ritrovare motivazione e vigore<\/p>\n\n\n\n<p><strong>1 Massaggio Ayurvedico \u20ac 80,00<\/strong><\/p>\n\n\n\n<p>Per prenotare chiama <a href=\"tel:04988231111\">0498 82 31 111<\/a> interno n\u00b0 2 o scrivi a <a href=\"mailto:spa@savoiaterme.it\">spa@savoiaterme.it<\/a>&nbsp;<\/p>\n\n<\/div>\n\n<div class=\"grids-area\" style=\"--_ga-column:2\/7;--_ga-row:1\/7;--_ga-va:center;--_ga-m-desktop:0 20px 0 0;--_ga-p-desktop:0 0 0 0;--_ga-bg-desktop:transparent none;--_ga-zi-desktop:auto;--_ga-d-desktop:flex;--_ga-mw-desktop:calc(100% - 0 - 20px);--_ga-m-tablet:0 0px 0 0;--_ga-p-tablet:0 0 0 0;--_ga-bg-tablet:transparent none;--_ga-zi-tablet:auto;--_ga-d-tablet:flex;--_ga-mw-tablet:calc(100% - 0 - 0px);--_ga-m-mobile:0 0px 0 0;--_ga-p-mobile:0 0 0 0;--_ga-bg-mobile:transparent none;--_ga-zi-mobile:auto;--_ga-d-mobile:flex;--_ga-mw-mobile:calc(100% - 0 - 0px)\">\n\n<figure class=\"wp-block-image size-large image-background-overlay-effect\"><img style=\"background-color: #a06457;\" loading=\"lazy\" decoding=\"async\" width=\"1024\" height=\"683\" src=\"https:\/\/www.savoiaterme.it\/wp-content\/uploads\/2024\/05\/massaggio-ayruveda-1-1024x683.jpg\" alt=\"\" class=\"wp-image-23666\" srcset=\"https:\/\/www.savoiaterme.it\/wp-content\/uploads\/2024\/05\/massaggio-ayruveda-1-1024x683.jpg 1024w, https:\/\/www.savoiaterme.it\/wp-content\/uploads\/2024\/05\/massaggio-ayruveda-1-300x200.jpg 300w, https:\/\/www.savoiaterme.it\/wp-content\/uploads\/2024\/05\/massaggio-ayruveda-1-768x512.jpg 768w, https:\/\/www.savoiaterme.it\/wp-content\/uploads\/2024\/05\/massaggio-ayruveda-1-1536x1024.jpg 1536w, https:\/\/www.savoiaterme.it\/wp-content\/uploads\/2024\/05\/massaggio-ayruveda-1-1568x1045.jpg 1568w, https:\/\/www.savoiaterme.it\/wp-content\/uploads\/2024\/05\/massaggio-ayruveda-1.jpg 1800w\" sizes=\"auto, (max-width: 1024px) 100vw, 1024px\" \/><\/figure>\n\n<\/div>\n<\/div><\/div>\n\n<div  class=\"grids-section grids-is-advanced alignfull\" style=\"--_gs-gap-desktop:0px 0px;--_gs-m-desktop:0 0 0 0;--_gs-p-desktop:0 0 0 0;--_gs-bg-desktop:transparent none;--_gs-bg-xp-desktop:0px;--_gs-zi-desktop:auto;--_gs-d-desktop:block;--_gs-mw-desktop:calc(100% - 0 - 0);--_gs-gap-tablet:0px 0px;--_gs-m-tablet:0 0 0 0;--_gs-p-tablet:0 0 0 0;--_gs-bg-tablet:transparent none;--_gs-bg-xp-tablet:0px;--_gs-zi-tablet:auto;--_gs-d-tablet:block;--_gs-mw-tablet:calc(100% - 0 - 0);--_gs-gap-mobile:0px 0px;--_gs-m-mobile:30px 0 20px 0;--_gs-p-mobile:0 10px 0 10px;--_gs-bg-mobile:transparent none;--_gs-bg-xp-mobile:0px;--_gs-zi-mobile:auto;--_gs-d-mobile:block;--_gs-mw-mobile:calc(100% - 0 - 0);--_gs-columns:12;--_gs-rows:6\"><div class=\"grids-s-w_i\">\n<div class=\"grids-area\" style=\"--_ga-column:2\/7;--_ga-row:1\/7;--_ga-va:center;--_ga-m-desktop:0 20px 0 0;--_ga-p-desktop:0 0 0 0;--_ga-bg-desktop:transparent none;--_ga-zi-desktop:auto;--_ga-d-desktop:flex;--_ga-mw-desktop:calc(100% - 0 - 20px);--_ga-m-tablet:0 0px 0 0;--_ga-p-tablet:0 0 0 0;--_ga-bg-tablet:transparent none;--_ga-zi-tablet:auto;--_ga-d-tablet:flex;--_ga-mw-tablet:calc(100% - 0 - 0px);--_ga-m-mobile:0 0px 0 0;--_ga-p-mobile:0 0 0 0;--_ga-bg-mobile:transparent none;--_ga-zi-mobile:auto;--_ga-d-mobile:flex;--_ga-mw-mobile:calc(100% - 0 - 0px)\">\n\n<h2 class=\"wp-block-heading\" id=\"le-nostre-piscine-termali\">Il tuo \u201cSentiero Ayurveda\u201d<\/h2>\n\n\n\n<p>Scegli 3 rituali tra quelli proposti, della durata di 50 minuti. In OMAGGIO un bagno termale benessere &amp; relax con idroessenze e una tisana ayurvedica dopo ciascun trattamento<\/p>\n\n\n\n<p><strong>Pacchetto \u20ac 240,00<\/strong><\/p>\n\n\n\n<p>Se vuoi scoprire tutti i nostri massaggi, trattamenti e percorsi, sfoglia il nostro Spa Menu.<\/p>\n\n\n\n<div class=\"wp-block-buttons is-layout-flex wp-block-buttons-is-layout-flex\">\n<div class=\"wp-block-button\"><a class=\"wp-block-button__link wp-element-button\" href=\"https:\/\/www.savoiaterme.it\/it\/spa-menu\/\">SCOPRI DI PI\u00d9<\/a><\/div>\n<\/div>\n\n<\/div>\n\n<div class=\"grids-area\" style=\"--_ga-column:7\/12;--_ga-row:1\/7;--_ga-va:center;--_ga-m-desktop:0 0 0 20px;--_ga-p-desktop:0 0 0 0;--_ga-bg-desktop:transparent none;--_ga-zi-desktop:auto;--_ga-d-desktop:flex;--_ga-mw-desktop:calc(100% - 20px - 0);--_ga-m-tablet:0 0 0 0px;--_ga-p-tablet:0 0 0 0;--_ga-bg-tablet:transparent none;--_ga-zi-tablet:auto;--_ga-d-tablet:flex;--_ga-mw-tablet:calc(100% - 0px - 0);--_ga-m-mobile:0 0 0 0px;--_ga-p-mobile:20px 0 20px 0;--_ga-bg-mobile:transparent none;--_ga-zi-mobile:auto;--_ga-d-mobile:flex;--_ga-mw-mobile:calc(100% - 0px - 0)\">\n\n<figure class=\"wp-block-image size-full image-background-overlay-effect\"><img style=\"background-color: #593f27;\" loading=\"lazy\" decoding=\"async\" width=\"1000\" height=\"736\" src=\"https:\/\/www.savoiaterme.it\/wp-content\/uploads\/2021\/09\/wellness-ayurveda-savoia-terme-donna-2.jpg\" alt=\"\" class=\"wp-image-3147\" srcset=\"https:\/\/www.savoiaterme.it\/wp-content\/uploads\/2021\/09\/wellness-ayurveda-savoia-terme-donna-2.jpg 1000w, https:\/\/www.savoiaterme.it\/wp-content\/uploads\/2021\/09\/wellness-ayurveda-savoia-terme-donna-2-300x221.jpg 300w, https:\/\/www.savoiaterme.it\/wp-content\/uploads\/2021\/09\/wellness-ayurveda-savoia-terme-donna-2-768x565.jpg 768w\" sizes=\"auto, (max-width: 1000px) 100vw, 1000px\" \/><\/figure>\n\n<\/div>\n<\/div><\/div>\n\n<div  class=\"grids-section grids-is-advanced alignfull\" style=\"--_gs-gap-desktop:0px 0px;--_gs-m-desktop:0 0 0 0;--_gs-p-desktop:0 0 0 0;--_gs-bg-desktop:transparent none;--_gs-bg-xp-desktop:0px;--_gs-zi-desktop:auto;--_gs-d-desktop:block;--_gs-mw-desktop:calc(100% - 0 - 0);--_gs-gap-tablet:0px 0px;--_gs-m-tablet:0 0 0 0;--_gs-p-tablet:0 0 0 0;--_gs-bg-tablet:transparent none;--_gs-bg-xp-tablet:0px;--_gs-zi-tablet:auto;--_gs-d-tablet:block;--_gs-mw-tablet:calc(100% - 0 - 0);--_gs-gap-mobile:0px 0px;--_gs-m-mobile:20px 0 20px 0;--_gs-p-mobile:0 10px 0 10px;--_gs-bg-mobile:transparent none;--_gs-bg-xp-mobile:0px;--_gs-zi-mobile:auto;--_gs-d-mobile:block;--_gs-mw-mobile:calc(100% - 0 - 0);--_gs-columns:12;--_gs-rows:6\"><div class=\"grids-s-w_i\">\n<div class=\"grids-area\" style=\"--_ga-column:7\/12;--_ga-row:1\/7;--_ga-va:center;--_ga-m-desktop:0 0 0 20px;--_ga-p-desktop:0 0 0 0;--_ga-bg-desktop:transparent none;--_ga-zi-desktop:auto;--_ga-d-desktop:flex;--_ga-mw-desktop:calc(100% - 20px - 0);--_ga-m-tablet:0 0 0 0px;--_ga-p-tablet:0 0 0 0;--_ga-bg-tablet:transparent none;--_ga-zi-tablet:auto;--_ga-d-tablet:flex;--_ga-mw-tablet:calc(100% - 0px - 0);--_ga-m-mobile:0 0 0 0px;--_ga-p-mobile:20px 0 20px 0;--_ga-bg-mobile:transparent none;--_ga-zi-mobile:auto;--_ga-d-mobile:flex;--_ga-mw-mobile:calc(100% - 0px - 0)\">\n\n<h2 class=\"wp-block-heading\" id=\"le-nostre-piscine-termali\">Offerta Savoia Ayurveda<\/h2>\n\n\n\n<p>2 notti in mezza pensione gourmet con trattamenti, bagno termale e accesso a tutti gli eventi del programma.<\/p>\n\n\n\n<p><strong>A partire da \u20ac 499,00<\/strong><\/p>\n\n\n\n<div class=\"wp-block-buttons is-layout-flex wp-block-buttons-is-layout-flex\">\n<div class=\"wp-block-button\"><a class=\"wp-block-button__link wp-element-button\" href=\"https:\/\/www.savoiaterme.it\/it\/offerta\/savoia-ayurveda\/\">PRENOTA ORA<\/a><\/div>\n<\/div>\n\n<\/div>\n\n<div class=\"grids-area\" style=\"--_ga-column:2\/7;--_ga-row:1\/7;--_ga-va:center;--_ga-m-desktop:0 20px 0 0;--_ga-p-desktop:0 0 0 0;--_ga-bg-desktop:transparent none;--_ga-zi-desktop:auto;--_ga-d-desktop:flex;--_ga-mw-desktop:calc(100% - 0 - 20px);--_ga-m-tablet:0 0px 0 0;--_ga-p-tablet:0 0 0 0;--_ga-bg-tablet:transparent none;--_ga-zi-tablet:auto;--_ga-d-tablet:flex;--_ga-mw-tablet:calc(100% - 0 - 0px);--_ga-m-mobile:0 0px 0 0;--_ga-p-mobile:0 0 0 0;--_ga-bg-mobile:transparent none;--_ga-zi-mobile:auto;--_ga-d-mobile:flex;--_ga-mw-mobile:calc(100% - 0 - 0px)\">\n\n<figure class=\"wp-block-image size-large image-background-overlay-effect\"><img style=\"background-color: #958f7a;\" loading=\"lazy\" decoding=\"async\" width=\"1024\" height=\"683\" src=\"https:\/\/www.savoiaterme.it\/wp-content\/uploads\/2024\/02\/camere-hotel-savoia-2023-16-1024x683.jpg\" alt=\"\" class=\"wp-image-22786\" srcset=\"https:\/\/www.savoiaterme.it\/wp-content\/uploads\/2024\/02\/camere-hotel-savoia-2023-16-1024x683.jpg 1024w, https:\/\/www.savoiaterme.it\/wp-content\/uploads\/2024\/02\/camere-hotel-savoia-2023-16-300x200.jpg 300w, https:\/\/www.savoiaterme.it\/wp-content\/uploads\/2024\/02\/camere-hotel-savoia-2023-16-768x512.jpg 768w, https:\/\/www.savoiaterme.it\/wp-content\/uploads\/2024\/02\/camere-hotel-savoia-2023-16-1536x1024.jpg 1536w, https:\/\/www.savoiaterme.it\/wp-content\/uploads\/2024\/02\/camere-hotel-savoia-2023-16-1568x1045.jpg 1568w, https:\/\/www.savoiaterme.it\/wp-content\/uploads\/2024\/02\/camere-hotel-savoia-2023-16.jpg 1800w\" sizes=\"auto, (max-width: 1024px) 100vw, 1024px\" \/><\/figure>\n\n<\/div>\n<\/div><\/div>\n\n<div  class=\"grids-section grids-is-advanced alignfull\" style=\"--_gs-gap-desktop:0px 0px;--_gs-m-desktop:0 0 0 0;--_gs-p-desktop:0 0 0 0;--_gs-bg-desktop:transparent none;--_gs-bg-xp-desktop:0px;--_gs-zi-desktop:auto;--_gs-d-desktop:block;--_gs-mw-desktop:calc(100% - 0 - 0);--_gs-gap-tablet:0px 0px;--_gs-m-tablet:0 0 0 0;--_gs-p-tablet:0 0 0 0;--_gs-bg-tablet:transparent none;--_gs-bg-xp-tablet:0px;--_gs-zi-tablet:auto;--_gs-d-tablet:block;--_gs-mw-tablet:calc(100% - 0 - 0);--_gs-gap-mobile:0px 0px;--_gs-m-mobile:40px 0 0 0;--_gs-p-mobile:0 10px 0 10px;--_gs-bg-mobile:transparent none;--_gs-bg-xp-mobile:0px;--_gs-zi-mobile:auto;--_gs-d-mobile:block;--_gs-mw-mobile:calc(100% - 0 - 0);--_gs-columns:12;--_gs-rows:6\"><div class=\"grids-s-w_i\">\n<div class=\"grids-area\" style=\"--_ga-column:2\/7;--_ga-row:1\/7;--_ga-va:center;--_ga-m-desktop:0 20px 0 0;--_ga-p-desktop:0 0 0 0;--_ga-bg-desktop:transparent none;--_ga-zi-desktop:auto;--_ga-d-desktop:flex;--_ga-mw-desktop:calc(100% - 0 - 20px);--_ga-m-tablet:0 0px 0 0;--_ga-p-tablet:0 0 0 0;--_ga-bg-tablet:transparent none;--_ga-zi-tablet:auto;--_ga-d-tablet:flex;--_ga-mw-tablet:calc(100% - 0 - 0px);--_ga-m-mobile:0 0px 0 0;--_ga-p-mobile:0 0 0 0;--_ga-bg-mobile:transparent none;--_ga-zi-mobile:auto;--_ga-d-mobile:flex;--_ga-mw-mobile:calc(100% - 0 - 0px)\">\n\n<h2 class=\"wp-block-heading\" id=\"le-nostre-piscine-termali\">Terapie orientali individuali<\/h2>\n\n\n\n<p>Reiki 50\u2019 \u20ac 70,00<\/p>\n\n\n\n<p>Watsu 50\u2019 \u20ac 70,00<\/p>\n\n\n\n<p>Shiatsu 50\u2019 \u20ac 70,00<\/p>\n\n\n\n<p>Massaggio con campane tibetane 50\u2019 \u20ac 70,00<\/p>\n\n<\/div>\n\n<div class=\"grids-area\" style=\"--_ga-column:7\/12;--_ga-row:1\/7;--_ga-va:center;--_ga-m-desktop:0 0 0 20px;--_ga-p-desktop:0 0 0 0;--_ga-bg-desktop:transparent none;--_ga-zi-desktop:auto;--_ga-d-desktop:flex;--_ga-mw-desktop:calc(100% - 20px - 0);--_ga-m-tablet:0 0 0 0px;--_ga-p-tablet:0 0 0 0;--_ga-bg-tablet:transparent none;--_ga-zi-tablet:auto;--_ga-d-tablet:flex;--_ga-mw-tablet:calc(100% - 0px - 0);--_ga-m-mobile:0 0 0 0px;--_ga-p-mobile:20px 0 20px 0;--_ga-bg-mobile:transparent none;--_ga-zi-mobile:auto;--_ga-d-mobile:flex;--_ga-mw-mobile:calc(100% - 0px - 0)\">\n\n<figure class=\"wp-block-image size-full image-background-overlay-effect\"><img style=\"background-color: #ba886a;\" loading=\"lazy\" decoding=\"async\" width=\"1000\" height=\"666\" src=\"https:\/\/www.savoiaterme.it\/wp-content\/uploads\/2023\/09\/massaggio-cervicale-hotel-savoia-abano-terme.jpg\" alt=\"\" class=\"wp-image-18255\" srcset=\"https:\/\/www.savoiaterme.it\/wp-content\/uploads\/2023\/09\/massaggio-cervicale-hotel-savoia-abano-terme.jpg 1000w, https:\/\/www.savoiaterme.it\/wp-content\/uploads\/2023\/09\/massaggio-cervicale-hotel-savoia-abano-terme-300x200.jpg 300w, https:\/\/www.savoiaterme.it\/wp-content\/uploads\/2023\/09\/massaggio-cervicale-hotel-savoia-abano-terme-768x511.jpg 768w\" sizes=\"auto, (max-width: 1000px) 100vw, 1000px\" \/><\/figure>\n\n<\/div>\n<\/div><\/div>\n\n<div  class=\"grids-section purple-section-with-stripe grids-is-advanced alignfull\" style=\"--_gs-gap-desktop:0px 0px;--_gs-m-desktop:0 0 0 0;--_gs-p-desktop:0 0 30px 0;--_gs-bg-desktop:transparent none;--_gs-bg-xp-desktop:0px;--_gs-zi-desktop:auto;--_gs-d-desktop:block;--_gs-mw-desktop:calc(100% - 0 - 0);--_gs-gap-tablet:0px 0px;--_gs-m-tablet:0 0 0 0;--_gs-p-tablet:0 0 30px 0;--_gs-bg-tablet:transparent none;--_gs-bg-xp-tablet:0px;--_gs-zi-tablet:auto;--_gs-d-tablet:block;--_gs-mw-tablet:calc(100% - 0 - 0);--_gs-gap-mobile:0px 0px;--_gs-m-mobile:0 0 0 0;--_gs-p-mobile:0 0 30px 0;--_gs-bg-mobile:transparent none;--_gs-bg-xp-mobile:0px;--_gs-zi-mobile:auto;--_gs-d-mobile:block;--_gs-mw-mobile:calc(100% - 0 - 0);--_gs-columns:12;--_gs-rows:6\"><div class=\"grids-s-w_i\">\n<div class=\"grids-area\" style=\"--_ga-column:4\/10;--_ga-row:1\/7;--_ga-m-desktop:0 0 0 0;--_ga-p-desktop:0 0 0 0;--_ga-bg-desktop:transparent none;--_ga-zi-desktop:auto;--_ga-d-desktop:flex;--_ga-mw-desktop:calc(100% - 0 - 0);--_ga-m-tablet:0 0 0 0;--_ga-p-tablet:0 0 0 0;--_ga-bg-tablet:transparent none;--_ga-zi-tablet:auto;--_ga-d-tablet:flex;--_ga-mw-tablet:calc(100% - 0 - 0);--_ga-m-mobile:0 0 0 0;--_ga-p-mobile:0 0 0 0;--_ga-bg-mobile:transparent none;--_ga-zi-mobile:auto;--_ga-d-mobile:flex;--_ga-mw-mobile:calc(100% - 0 - 0)\">\n\n<h2 class=\"wp-block-heading\" id=\"green-e-sempre-piu-bello\">Day Spa &amp; Easy Day<\/h2>\n\n\n\n<p>Prenota una giornata di terme &amp; relax all\u2019Hotel Savoia e goditi 3 piscine termali, la Spa con sauna, bagno turco, docce emozionali e percorso kneipp e un parco giardino di 5.000 mq immerso nel verde. Approfitta delle attivit\u00e0 programmate dal 31 maggi al 9 giugno in occasione del Festival di Abano Zen.<\/p>\n\n\n\n<p>Prenota adesso al numero <a href=\"TEL:0498231111\">049 82 31 111<\/a>.<\/p>\n\n\n\n<a href=\"https:\/\/www.savoiaterme.it\/it\/spa\/day-spa\/\" id=\"cta-love-you\" class=\"btn mx-auto\">SCOPRI DI PI\u00f9<\/a>\n\n<\/div>\n<\/div><\/div>\n\n<div  class=\"grids-section image-boxed-blur-background grids-is-advanced alignfull\" style=\"--_gs-gap-desktop:0px 0px;--_gs-m-desktop:0 0 0 0;--_gs-p-desktop:30px 0 30px 0;--_gs-bg-desktop:transparent url(https:\/\/www.savoiaterme.it\/wp-content\/uploads\/2024\/02\/camere-hotel-savoia-2023-15.jpg) no-repeat 50% 50%  \/ cover;--_gs-bg-xp-desktop:0px;--_gs-zi-desktop:auto;--_gs-d-desktop:block;--_gs-mw-desktop:calc(100% - 0 - 0);--_gs-gap-tablet:0px 0px;--_gs-m-tablet:0 0 0 0;--_gs-p-tablet:30px 0 30px 0;--_gs-bg-tablet:transparent url(https:\/\/www.savoiaterme.it\/wp-content\/uploads\/2024\/02\/camere-hotel-savoia-2023-15.jpg) no-repeat 50% 50%  \/ cover;--_gs-bg-xp-tablet:0px;--_gs-zi-tablet:auto;--_gs-d-tablet:block;--_gs-mw-tablet:calc(100% - 0 - 0);--_gs-gap-mobile:0px 0px;--_gs-m-mobile:0 0 0 0;--_gs-p-mobile:30px 0 30px 0;--_gs-bg-mobile:transparent url(https:\/\/www.savoiaterme.it\/wp-content\/uploads\/2024\/02\/camere-hotel-savoia-2023-15.jpg) no-repeat 50% 50%  \/ cover;--_gs-bg-xp-mobile:0px;--_gs-zi-mobile:auto;--_gs-d-mobile:block;--_gs-mw-mobile:calc(100% - 0 - 0);--_gs-columns:12;--_gs-rows:6\"><div class=\"grids-s-w_i\">\n<div class=\"grids-area\" style=\"--_ga-column:5\/9;--_ga-row:1\/4;--_ga-m-desktop:0 0 0 0;--_ga-p-desktop:0 0 0 0;--_ga-bg-desktop:transparent none;--_ga-zi-desktop:auto;--_ga-d-desktop:flex;--_ga-mw-desktop:calc(100% - 0 - 0);--_ga-m-tablet:0 0 0 0;--_ga-p-tablet:0 0 0 0;--_ga-bg-tablet:transparent none;--_ga-zi-tablet:auto;--_ga-d-tablet:flex;--_ga-mw-tablet:calc(100% - 0 - 0);--_ga-m-mobile:0 0 0 0;--_ga-p-mobile:0 20px 0 20px;--_ga-bg-mobile:transparent none;--_ga-zi-mobile:auto;--_ga-d-mobile:flex;--_ga-mw-mobile:calc(100% - 0 - 0)\">\n\n<h2 class=\"wp-block-heading has-text-align-center\">Prenota ora: la disponibilit\u00e0 \u00e8 limitata!<\/h2>\n\n\n\n<p>Crea il tuo <strong>preventivo online<\/strong> inserendo le date del tuo soggiorno! Prenota direttamente sul nostro sito web <a href=\"https:\/\/simplebooking.savoiaterme.it\/ibe\/search?hid=5688&amp;lang=IT&amp;cur=EUR&amp;guests=A,A&amp;coupon=\" class=\"broken_link\">www.savoiaterme.it<\/a> ed avrai sempre i seguenti vantaggi:<\/p>\n\n\n\n<ul class=\"wp-block-list has-white-color has-text-color has-link-color wp-elements-eb0db3868e399e75e09d45701ba6fe97\">\n<li>cancellazione gratuita e flessifile<\/li>\n\n\n\n<li>miglior tariffa garantita;<\/li>\n\n\n\n<li>tassa di soggiorno offerta;<\/li>\n<\/ul>\n\n\n\n<a href=\"https:\/\/simplebooking.savoiaterme.it\/ibe\/search?hid=5688&amp;lang=IT&amp;cur=EUR&amp;guests=A,A&amp;coupon=\" target=\"blank\" class=\"btn btn-center broken_link\" rel=\"noopener\">VERIFICA DISPONIBILIT\u00e0<\/a>\n\n<\/div>\n<\/div><\/div>\n\n<div  class=\"grids-section image-boxed-blur-background grids-is-advanced alignfull\" style=\"--_gs-gap-desktop:0px 0px;--_gs-m-desktop:0 0 0 0;--_gs-p-desktop:80px 0 80px 0;--_gs-bg-desktop:transparent url(https:\/\/www.savoiaterme.it\/wp-content\/uploads\/2024\/05\/abano-zen-savoia-terme.jpg) no-repeat 50% 50%  \/ cover;--_gs-bg-xp-desktop:0px;--_gs-zi-desktop:auto;--_gs-d-desktop:none;--_gs-mw-desktop:calc(100% - 0 - 0);--_gs-gap-tablet:0px 0px;--_gs-m-tablet:0 0 0 0;--_gs-p-tablet:80px 0 80px 0;--_gs-bg-tablet:transparent url(https:\/\/www.savoiaterme.it\/wp-content\/uploads\/2024\/05\/abano-zen-savoia-terme.jpg) no-repeat 50% 50%  \/ cover;--_gs-bg-xp-tablet:0px;--_gs-zi-tablet:auto;--_gs-d-tablet:none;--_gs-mw-tablet:calc(100% - 0 - 0);--_gs-gap-mobile:0px 0px;--_gs-m-mobile:0 0 0 0;--_gs-p-mobile:80px 0 80px 0;--_gs-bg-mobile:transparent url(https:\/\/www.savoiaterme.it\/wp-content\/uploads\/2024\/05\/abano-zen-savoia-terme.jpg) no-repeat 50% 50%  \/ cover;--_gs-bg-xp-mobile:0px;--_gs-zi-mobile:auto;--_gs-d-mobile:none;--_gs-mw-mobile:calc(100% - 0 - 0);--_gs-columns:12;--_gs-rows:6\"><div class=\"grids-s-w_i\">\n<div class=\"grids-area\" style=\"--_ga-column:5\/9;--_ga-row:1\/4;--_ga-m-desktop:0 0 0 0;--_ga-p-desktop:0 0 0 0;--_ga-bg-desktop:transparent none;--_ga-zi-desktop:auto;--_ga-d-desktop:flex;--_ga-mw-desktop:calc(100% - 0 - 0);--_ga-m-tablet:0 0 0 0;--_ga-p-tablet:0 0 0 0;--_ga-bg-tablet:transparent none;--_ga-zi-tablet:auto;--_ga-d-tablet:flex;--_ga-mw-tablet:calc(100% - 0 - 0);--_ga-m-mobile:0 0 0 0;--_ga-p-mobile:0 20px 0 20px;--_ga-bg-mobile:transparent none;--_ga-zi-mobile:auto;--_ga-d-mobile:flex;--_ga-mw-mobile:calc(100% - 0 - 0)\">\n\n<div style=\"text-align: center;\">\n<script src=\"https:\/\/cdn.lordicon.com\/lordicon.js\"><\/script>\n<lord-icon\nsrc=\"https:\/\/cdn.lordicon.com\/gjpeglhr.json\"\n    trigger=\"hover\"\ncolors=\"primary:#ffffff,secondary:#ffffff\"\n    style=\"width:150px;height:150px\">\n<\/lord-icon>\n<\/div>\n\n\n\n<h2 class=\"wp-block-heading has-text-align-center\">\ud83c\udf3f Benessere, Armonia, Rinascita:<br>Scopri Abano Zen! \ud83c\udf3f<\/h2>\n\n\n\n<p class=\"has-text-align-center\"><strong>Dal 30 maggio all\u20198 giugno 2025:<\/strong><br>meditazione, yoga, suoni e antiche terapie orientali nel cuore di Abano Terme.<\/p>\n\n\n\n<a href=\"https:\/\/www.savoiaterme.it\/it\/abano-zen-2025\/\" class=\"btn btn-center\" rel=\"noopener\">SCOPRI IL PROGRAMMA DI ABANO ZEN<\/a>\n\n\n\n<a href=\"https:\/\/www.savoiaterme.it\/it\/offerta\/savoia-ayurveda\/\" class=\"btn btn-center\" rel=\"noopener\" target=\"_blank\">PRENOTA ORA IL TUO SOGGIORNO DI BENESSERE<\/a>\n\n<\/div>\n<\/div><\/div>","protected":false},"excerpt":{"rendered":"<p>Ritrova il tuo benessere con meditazione, yoga e ayurveda.<\/p>\n","protected":false},"author":26,"featured_media":23675,"comment_status":"open","ping_status":"open","sticky":false,"template":"","format":"standard","meta":{"_acf_changed":false,"advgb_blocks_editor_width":"","advgb_blocks_columns_visual_guide":"","footnotes":""},"categories":[1],"tags":[],"class_list":["post-28982","post","type-post","status-publish","format-standard","has-post-thumbnail","hentry","category-non-categorizzato","entry"],"acf":{"page_custom_gallery":[{"page_custom_gallery_label":"","page_custom_gallery_photos":[23675,23666,3157]}]},"yoast_head":"<!-- This site is optimized with the Yoast SEO plugin v25.7 - https:\/\/yoast.com\/wordpress\/plugins\/seo\/ -->\n<title>Abano Zen 2025 - Hotel Savoia Therm\u00e6 &amp; Spa<\/title>\n<meta name=\"robots\" content=\"index, follow, max-snippet:-1, max-image-preview:large, max-video-preview:-1\" \/>\n<link rel=\"canonical\" href=\"https:\/\/www.savoiaterme.it\/it\/abano-zen-2025\/\" \/>\n<meta property=\"og:locale\" content=\"it_IT\" \/>\n<meta property=\"og:type\" content=\"article\" \/>\n<meta property=\"og:title\" content=\"Abano Zen 2025 - Hotel Savoia Therm\u00e6 &amp; Spa\" \/>\n<meta property=\"og:description\" content=\"Ritrova il tuo benessere con meditazione, yoga e ayurveda.\" \/>\n<meta property=\"og:url\" content=\"https:\/\/www.savoiaterme.it\/it\/abano-zen-2025\/\" \/>\n<meta property=\"og:site_name\" content=\"Hotel Savoia Therm\u00e6 &amp; Spa\" \/>\n<meta property=\"article:published_time\" content=\"2025-05-05T09:46:04+00:00\" \/>\n<meta property=\"article:modified_time\" content=\"2025-05-26T15:16:11+00:00\" \/>\n<meta property=\"og:image\" content=\"https:\/\/www.savoiaterme.it\/wp-content\/uploads\/2024\/05\/abano-zen-savoia-terme.jpg\" \/>\n\t<meta property=\"og:image:width\" content=\"2000\" \/>\n\t<meta property=\"og:image:height\" content=\"1333\" \/>\n\t<meta property=\"og:image:type\" content=\"image\/jpeg\" \/>\n<meta name=\"author\" content=\"mattia\" \/>\n<meta name=\"twitter:card\" content=\"summary_large_image\" \/>\n<meta name=\"twitter:label1\" content=\"Scritto da\" \/>\n\t<meta name=\"twitter:data1\" content=\"mattia\" \/>\n\t<meta name=\"twitter:label2\" content=\"Tempo di lettura stimato\" \/>\n\t<meta name=\"twitter:data2\" content=\"6 minuti\" \/>\n<script type=\"application\/ld+json\" class=\"yoast-schema-graph\">{\"@context\":\"https:\/\/schema.org\",\"@graph\":[{\"@type\":\"WebPage\",\"@id\":\"https:\/\/www.savoiaterme.it\/it\/abano-zen-2025\/\",\"url\":\"https:\/\/www.savoiaterme.it\/it\/abano-zen-2025\/\",\"name\":\"Abano Zen 2025 - Hotel Savoia Therm\u00e6 &amp; Spa\",\"isPartOf\":{\"@id\":\"https:\/\/www.savoiaterme.it\/it\/#website\"},\"primaryImageOfPage\":{\"@id\":\"https:\/\/www.savoiaterme.it\/it\/abano-zen-2025\/#primaryimage\"},\"image\":{\"@id\":\"https:\/\/www.savoiaterme.it\/it\/abano-zen-2025\/#primaryimage\"},\"thumbnailUrl\":\"https:\/\/www.savoiaterme.it\/wp-content\/uploads\/2024\/05\/abano-zen-savoia-terme.jpg\",\"datePublished\":\"2025-05-05T09:46:04+00:00\",\"dateModified\":\"2025-05-26T15:16:11+00:00\",\"author\":{\"@id\":\"https:\/\/www.savoiaterme.it\/it\/#\/schema\/person\/36d16314d29aa2e43e2061f83b36ef09\"},\"breadcrumb\":{\"@id\":\"https:\/\/www.savoiaterme.it\/it\/abano-zen-2025\/#breadcrumb\"},\"inLanguage\":\"it-IT\",\"potentialAction\":[{\"@type\":\"ReadAction\",\"target\":[\"https:\/\/www.savoiaterme.it\/it\/abano-zen-2025\/\"]}]},{\"@type\":\"ImageObject\",\"inLanguage\":\"it-IT\",\"@id\":\"https:\/\/www.savoiaterme.it\/it\/abano-zen-2025\/#primaryimage\",\"url\":\"https:\/\/www.savoiaterme.it\/wp-content\/uploads\/2024\/05\/abano-zen-savoia-terme.jpg\",\"contentUrl\":\"https:\/\/www.savoiaterme.it\/wp-content\/uploads\/2024\/05\/abano-zen-savoia-terme.jpg\",\"width\":2000,\"height\":1333},{\"@type\":\"BreadcrumbList\",\"@id\":\"https:\/\/www.savoiaterme.it\/it\/abano-zen-2025\/#breadcrumb\",\"itemListElement\":[{\"@type\":\"ListItem\",\"position\":1,\"name\":\"\",\"item\":\"https:\/\/www.savoiaterme.it\/it\/\"},{\"@type\":\"ListItem\",\"position\":2,\"name\":\"Abano Zen 2025\"}]},{\"@type\":\"WebSite\",\"@id\":\"https:\/\/www.savoiaterme.it\/it\/#website\",\"url\":\"https:\/\/www.savoiaterme.it\/it\/\",\"name\":\"Hotel Savoia Therm\u00e6 &amp; Spa\",\"description\":\"ABANO TERME\",\"potentialAction\":[{\"@type\":\"SearchAction\",\"target\":{\"@type\":\"EntryPoint\",\"urlTemplate\":\"https:\/\/www.savoiaterme.it\/it\/?s={search_term_string}\"},\"query-input\":{\"@type\":\"PropertyValueSpecification\",\"valueRequired\":true,\"valueName\":\"search_term_string\"}}],\"inLanguage\":\"it-IT\"},{\"@type\":\"Person\",\"@id\":\"https:\/\/www.savoiaterme.it\/it\/#\/schema\/person\/36d16314d29aa2e43e2061f83b36ef09\",\"name\":\"mattia\",\"image\":{\"@type\":\"ImageObject\",\"inLanguage\":\"it-IT\",\"@id\":\"https:\/\/www.savoiaterme.it\/it\/#\/schema\/person\/image\/\",\"url\":\"https:\/\/secure.gravatar.com\/avatar\/ac6baff0af4ee5fabd7922aa1001efe4ee6154b9089e02ea198434e586b49ee2?s=96&d=mm&r=g\",\"contentUrl\":\"https:\/\/secure.gravatar.com\/avatar\/ac6baff0af4ee5fabd7922aa1001efe4ee6154b9089e02ea198434e586b49ee2?s=96&d=mm&r=g\",\"caption\":\"mattia\"},\"url\":\"https:\/\/www.savoiaterme.it\/it\/author\/mattia\/\"}]}<\/script>\n<!-- \/ Yoast SEO plugin. -->","yoast_head_json":{"title":"Abano Zen 2025 - Hotel Savoia Therm\u00e6 &amp; Spa","robots":{"index":"index","follow":"follow","max-snippet":"max-snippet:-1","max-image-preview":"max-image-preview:large","max-video-preview":"max-video-preview:-1"},"canonical":"https:\/\/www.savoiaterme.it\/it\/abano-zen-2025\/","og_locale":"it_IT","og_type":"article","og_title":"Abano Zen 2025 - Hotel Savoia Therm\u00e6 &amp; Spa","og_description":"Ritrova il tuo benessere con meditazione, yoga e ayurveda.","og_url":"https:\/\/www.savoiaterme.it\/it\/abano-zen-2025\/","og_site_name":"Hotel Savoia Therm\u00e6 &amp; Spa","article_published_time":"2025-05-05T09:46:04+00:00","article_modified_time":"2025-05-26T15:16:11+00:00","og_image":[{"width":2000,"height":1333,"url":"https:\/\/www.savoiaterme.it\/wp-content\/uploads\/2024\/05\/abano-zen-savoia-terme.jpg","type":"image\/jpeg"}],"author":"mattia","twitter_card":"summary_large_image","twitter_misc":{"Scritto da":"mattia","Tempo di lettura stimato":"6 minuti"},"schema":{"@context":"https:\/\/schema.org","@graph":[{"@type":"WebPage","@id":"https:\/\/www.savoiaterme.it\/it\/abano-zen-2025\/","url":"https:\/\/www.savoiaterme.it\/it\/abano-zen-2025\/","name":"Abano Zen 2025 - Hotel Savoia Therm\u00e6 &amp; Spa","isPartOf":{"@id":"https:\/\/www.savoiaterme.it\/it\/#website"},"primaryImageOfPage":{"@id":"https:\/\/www.savoiaterme.it\/it\/abano-zen-2025\/#primaryimage"},"image":{"@id":"https:\/\/www.savoiaterme.it\/it\/abano-zen-2025\/#primaryimage"},"thumbnailUrl":"https:\/\/www.savoiaterme.it\/wp-content\/uploads\/2024\/05\/abano-zen-savoia-terme.jpg","datePublished":"2025-05-05T09:46:04+00:00","dateModified":"2025-05-26T15:16:11+00:00","author":{"@id":"https:\/\/www.savoiaterme.it\/it\/#\/schema\/person\/36d16314d29aa2e43e2061f83b36ef09"},"breadcrumb":{"@id":"https:\/\/www.savoiaterme.it\/it\/abano-zen-2025\/#breadcrumb"},"inLanguage":"it-IT","potentialAction":[{"@type":"ReadAction","target":["https:\/\/www.savoiaterme.it\/it\/abano-zen-2025\/"]}]},{"@type":"ImageObject","inLanguage":"it-IT","@id":"https:\/\/www.savoiaterme.it\/it\/abano-zen-2025\/#primaryimage","url":"https:\/\/www.savoiaterme.it\/wp-content\/uploads\/2024\/05\/abano-zen-savoia-terme.jpg","contentUrl":"https:\/\/www.savoiaterme.it\/wp-content\/uploads\/2024\/05\/abano-zen-savoia-terme.jpg","width":2000,"height":1333},{"@type":"BreadcrumbList","@id":"https:\/\/www.savoiaterme.it\/it\/abano-zen-2025\/#breadcrumb","itemListElement":[{"@type":"ListItem","position":1,"name":"","item":"https:\/\/www.savoiaterme.it\/it\/"},{"@type":"ListItem","position":2,"name":"Abano Zen 2025"}]},{"@type":"WebSite","@id":"https:\/\/www.savoiaterme.it\/it\/#website","url":"https:\/\/www.savoiaterme.it\/it\/","name":"Hotel Savoia Therm\u00e6 &amp; Spa","description":"ABANO TERME","potentialAction":[{"@type":"SearchAction","target":{"@type":"EntryPoint","urlTemplate":"https:\/\/www.savoiaterme.it\/it\/?s={search_term_string}"},"query-input":{"@type":"PropertyValueSpecification","valueRequired":true,"valueName":"search_term_string"}}],"inLanguage":"it-IT"},{"@type":"Person","@id":"https:\/\/www.savoiaterme.it\/it\/#\/schema\/person\/36d16314d29aa2e43e2061f83b36ef09","name":"mattia","image":{"@type":"ImageObject","inLanguage":"it-IT","@id":"https:\/\/www.savoiaterme.it\/it\/#\/schema\/person\/image\/","url":"https:\/\/secure.gravatar.com\/avatar\/ac6baff0af4ee5fabd7922aa1001efe4ee6154b9089e02ea198434e586b49ee2?s=96&d=mm&r=g","contentUrl":"https:\/\/secure.gravatar.com\/avatar\/ac6baff0af4ee5fabd7922aa1001efe4ee6154b9089e02ea198434e586b49ee2?s=96&d=mm&r=g","caption":"mattia"},"url":"https:\/\/www.savoiaterme.it\/it\/author\/mattia\/"}]}},"author_meta":{"display_name":"mattia","author_link":"https:\/\/www.savoiaterme.it\/it\/author\/mattia\/"},"featured_img":"https:\/\/www.savoiaterme.it\/wp-content\/uploads\/2024\/05\/abano-zen-savoia-terme-300x200.jpg","coauthors":[],"tax_additional":{"categories":{"linked":["<a href=\"https:\/\/www.savoiaterme.it\/it\/category\/non-categorizzato\/\" class=\"advgb-post-tax-term\">Non categorizzato<\/a>"],"unlinked":["<span class=\"advgb-post-tax-term\">Non categorizzato<\/span>"]}},"comment_count":"0","relative_dates":{"created":"Pubblicato 12 mesi fa","modified":"Aggiornato 11 mesi fa"},"absolute_dates":{"created":"Pubblicato il Maggio 5, 2025","modified":"Aggiornato il Maggio 26, 2025"},"absolute_dates_time":{"created":"Pubblicato il Maggio 5, 2025 11:46 am","modified":"Aggiornato il Maggio 26, 2025 5:16 pm"},"featured_img_caption":"","series_order":"","_links":{"self":[{"href":"https:\/\/www.savoiaterme.it\/it\/wp-json\/wp\/v2\/posts\/28982","targetHints":{"allow":["GET"]}}],"collection":[{"href":"https:\/\/www.savoiaterme.it\/it\/wp-json\/wp\/v2\/posts"}],"about":[{"href":"https:\/\/www.savoiaterme.it\/it\/wp-json\/wp\/v2\/types\/post"}],"author":[{"embeddable":true,"href":"https:\/\/www.savoiaterme.it\/it\/wp-json\/wp\/v2\/users\/26"}],"replies":[{"embeddable":true,"href":"https:\/\/www.savoiaterme.it\/it\/wp-json\/wp\/v2\/comments?post=28982"}],"version-history":[{"count":48,"href":"https:\/\/www.savoiaterme.it\/it\/wp-json\/wp\/v2\/posts\/28982\/revisions"}],"predecessor-version":[{"id":29480,"href":"https:\/\/www.savoiaterme.it\/it\/wp-json\/wp\/v2\/posts\/28982\/revisions\/29480"}],"wp:featuredmedia":[{"embeddable":true,"href":"https:\/\/www.savoiaterme.it\/it\/wp-json\/wp\/v2\/media\/23675"}],"wp:attachment":[{"href":"https:\/\/www.savoiaterme.it\/it\/wp-json\/wp\/v2\/media?parent=28982"}],"wp:term":[{"taxonomy":"category","embeddable":true,"href":"https:\/\/www.savoiaterme.it\/it\/wp-json\/wp\/v2\/categories?post=28982"},{"taxonomy":"post_tag","embeddable":true,"href":"https:\/\/www.savoiaterme.it\/it\/wp-json\/wp\/v2\/tags?post=28982"}],"curies":[{"name":"wp","href":"https:\/\/api.w.org\/{rel}","templated":true}]}}